{"id":6002,"date":"2016-12-21T14:54:41","date_gmt":"2016-12-21T14:54:41","guid":{"rendered":"http:\/\/centralmedia.rs\/?p=6002"},"modified":"2016-12-21T14:54:41","modified_gmt":"2016-12-21T14:54:41","slug":"cementara-crh-donirala-50-000-evra-paracinskom-porodilistu","status":"publish","type":"post","link":"https:\/\/centralmedia.rs\/index.php\/2016\/12\/21\/cementara-crh-donirala-50-000-evra-paracinskom-porodilistu\/","title":{"rendered":"CEMENTARA CRH DONIRALA 50.000 EVRA PARA\u0106INSKOM PORODILI\u0160TU"},"content":{"rendered":"<p>PARA\u0106IN-Cementara CRH Srbija posredsvom Fond B92 donirala je danas para\u0107inskom porodil\u0161tu opremu vrednu 50 hiljada evra. Obezbe\u0111ena je sva neophodna oprema za negu i zbrinjavanje beba i mama, a re\u010d je o\u00a0 dva poro\u0111ajna stola, dva reanimaciona stola, jedan ginekolo\u0161ki sto, dva pacijent monitora, bilirubinometar i led lampa.<\/p>\n<figure id=\"attachment_6004\" aria-describedby=\"caption-attachment-6004\" style=\"width: 300px\" class=\"wp-caption alignleft\"><a href=\"https:\/\/centralmedia.rs\/wp-content\/uploads\/2016\/12\/frederik-obe-1-paracin-g.j..jpg\"><img loading=\"lazy\" decoding=\"async\" class=\"size-medium wp-image-6004\" src=\"https:\/\/centralmedia.rs\/wp-content\/uploads\/2016\/12\/frederik-obe-1-paracin-g.j.-300x208.jpg\" alt=\"\" width=\"300\" height=\"208\" srcset=\"https:\/\/centralmedia.rs\/wp-content\/uploads\/2016\/12\/frederik-obe-1-paracin-g.j.-300x208.jpg 300w, https:\/\/centralmedia.rs\/wp-content\/uploads\/2016\/12\/frederik-obe-1-paracin-g.j.-768x532.jpg 768w, https:\/\/centralmedia.rs\/wp-content\/uploads\/2016\/12\/frederik-obe-1-paracin-g.j.-100x70.jpg 100w, https:\/\/centralmedia.rs\/wp-content\/uploads\/2016\/12\/frederik-obe-1-paracin-g.j.-218x150.jpg 218w, https:\/\/centralmedia.rs\/wp-content\/uploads\/2016\/12\/frederik-obe-1-paracin-g.j..jpg 900w\" sizes=\"(max-width: 300px) 100vw, 300px\" \/><\/a><figcaption id=\"caption-attachment-6004\" class=\"wp-caption-text\">Frederik Obe<\/figcaption><\/figure>\n<p>-Svaka kompanija mora da bude svesna svoje va\u017ene uloge koju ima u stvaranju pozitivnih uticaja u sredini u kojoj posluje. Briga o porodili\u0161tima I briga o deci je najzna\u010dajnija i najva\u017enija za na\u0161e zaposlene, pogotovo \u0161to su nogi od njih nedavno oformili svoje porodice. Ova akcija je predstavlja va\u017ea deo vrednsoti dru\u0161tveno odgovornog\u00a0 poslovanja koje po\u0161tujemo u CRH Srbija. Veoma nam je drago da \u0161to smo u mogu\u0107nosti da uti\u010demo na pobolj\u0161anje nivoa nege koju \u0107e ubudu\u0107e imati mali pacijenti \u00a0u para\u0107inskom porodili\u0161tu, rekao je direktor te cementare Frederik Obe.<\/p>\n<p>To porodil\u0161e je pro\u0161le godine rekonstruisano i opremljeno u akciji Fondacije Dragice Nikoli\u0107 .<\/p>\n<p><a href=\"https:\/\/centralmedia.rs\/wp-content\/uploads\/2016\/12\/porodiliste-paracin-g.j.jpg\"><img loading=\"lazy\" decoding=\"async\" class=\"alignright size-medium wp-image-6005\" src=\"https:\/\/centralmedia.rs\/wp-content\/uploads\/2016\/12\/porodiliste-paracin-g.j-300x225.jpg\" alt=\"\" width=\"300\" height=\"225\" srcset=\"https:\/\/centralmedia.rs\/wp-content\/uploads\/2016\/12\/porodiliste-paracin-g.j-300x225.jpg 300w, https:\/\/centralmedia.rs\/wp-content\/uploads\/2016\/12\/porodiliste-paracin-g.j-768x576.jpg 768w, https:\/\/centralmedia.rs\/wp-content\/uploads\/2016\/12\/porodiliste-paracin-g.j-80x60.jpg 80w, https:\/\/centralmedia.rs\/wp-content\/uploads\/2016\/12\/porodiliste-paracin-g.j-265x198.jpg 265w, https:\/\/centralmedia.rs\/wp-content\/uploads\/2016\/12\/porodiliste-paracin-g.j.jpg 900w\" sizes=\"(max-width: 300px) 100vw, 300px\" \/><\/a><\/p>\n<p>-Najsavremenija medicinska oprema koju smo danas dobili omogu\u0107i\u0107e kvalitetniji rad. Na\u0161 cilj je zadovoljna i sre\u0107na majka koja nosi zdravu bebu u naru\u010dju i izlazi iz porodi\u0161li\u0161ta, kazala je direktorka te bolnice dr Sla\u0111ana Vasi\u0107.<\/p>\n<p>Dana\u0161njom donacijom Fond B92 je proglasio 31. pobedu, naglasio je predsednik UO tog fonda Veran Mati\u0107 i dodao da \u0107e do kraja godine biti ,,progla\u0161eno jo\u0161 7 pobeda, a u slede\u0107oj godini preostalih 14\u201d. \u00a0Fondacija Blic je donirala tom porodili\u0161tu aparat za skrinig sluha beba.<\/p>\n","protected":false},"excerpt":{"rendered":"<p>PARA\u0106IN-Cementara CRH Srbija posredsvom Fond B92 donirala je danas para\u0107inskom porodil\u0161tu opremu vrednu 50 hiljada evra. Obezbe\u0111ena je sva neophodna oprema za negu i zbrinjavanje &hellip; <\/p>\n","protected":false},"author":4,"featured_media":6003,"comment_status":"open","ping_status":"open","sticky":false,"template":"","format":"standard","meta":{"footnotes":""},"categories":[1524,2,1516,887],"tags":[],"_links":{"self":[{"href":"https:\/\/centralmedia.rs\/index.php\/wp-json\/wp\/v2\/posts\/6002"}],"collection":[{"href":"https:\/\/centralmedia.rs\/index.php\/wp-json\/wp\/v2\/posts"}],"about":[{"href":"https:\/\/centralmedia.rs\/index.php\/wp-json\/wp\/v2\/types\/post"}],"author":[{"embeddable":true,"href":"https:\/\/centralmedia.rs\/index.php\/wp-json\/wp\/v2\/users\/4"}],"replies":[{"embeddable":true,"href":"https:\/\/centralmedia.rs\/index.php\/wp-json\/wp\/v2\/comments?post=6002"}],"version-history":[{"count":0,"href":"https:\/\/centralmedia.rs\/index.php\/wp-json\/wp\/v2\/posts\/6002\/revisions"}],"wp:featuredmedia":[{"embeddable":true,"href":"https:\/\/centralmedia.rs\/index.php\/wp-json\/wp\/v2\/media\/6003"}],"wp:attachment":[{"href":"https:\/\/centralmedia.rs\/index.php\/wp-json\/wp\/v2\/media?parent=6002"}],"wp:term":[{"taxonomy":"category","embeddable":true,"href":"https:\/\/centralmedia.rs\/index.php\/wp-json\/wp\/v2\/categories?post=6002"},{"taxonomy":"post_tag","embeddable":true,"href":"https:\/\/centralmedia.rs\/index.php\/wp-json\/wp\/v2\/tags?post=6002"}],"curies":[{"name":"wp","href":"https:\/\/api.w.org\/{rel}","templated":true}]}}