{"id":6037,"date":"2016-12-23T16:48:03","date_gmt":"2016-12-23T16:48:03","guid":{"rendered":"http:\/\/centralmedia.rs\/?p=6037"},"modified":"2017-01-19T23:20:03","modified_gmt":"2017-01-19T23:20:03","slug":"sedamdesetoro-radnika-ciglane-na-sudu-gazda-ih-tuzi-za-ometanje-poseda","status":"publish","type":"post","link":"https:\/\/centralmedia.rs\/index.php\/2016\/12\/23\/sedamdesetoro-radnika-ciglane-na-sudu-gazda-ih-tuzi-za-ometanje-poseda\/","title":{"rendered":"SEDAMDESETORO RADNIKA CIGLANE NA SUDU &#8211; GAZDA IH TU\u017dI ZA OMETANJE POSEDA"},"content":{"rendered":"<p>SVILAJNAC-Zbog ometanja poseda danas je po\u010delo su\u0111enje 70. radnika svilajna\u010dke Ciglane u Osnovnom sudu, a po tu\u017ebi preduze\u0107a Status integral iz Kraljeva, koji je trebalo da se iseli sa te lokacije jo\u0161 po\u010detkom jula, odnosno posle prodaje te nekretnine iz ste\u010daja. Ina\u010de, to preduze\u0107e je do kraja juna bilo u vlasni\u0161tvu Stefana Miki\u0107a, sina ekonomskog savetnika predsednika Srbije Predraga Miki\u0107a. Radnici Status integrala po\u010deli su \u0161trajk u krugu preduze\u0107a pre 53 dana sa zahtevom za isplatu zaostalih zarade od maja i da im vlasnik vrati radne knji\u017eice.<\/p>\n<p><a href=\"https:\/\/centralmedia.rs\/wp-content\/uploads\/2016\/12\/radnici-u-sudnici-1-privatn-arhiva.jpg\"><img loading=\"lazy\" decoding=\"async\" class=\"alignright size-medium wp-image-6039\" src=\"https:\/\/centralmedia.rs\/wp-content\/uploads\/2016\/12\/radnici-u-sudnici-1-privatn-arhiva-300x169.jpg\" alt=\"\" width=\"300\" height=\"169\" srcset=\"https:\/\/centralmedia.rs\/wp-content\/uploads\/2016\/12\/radnici-u-sudnici-1-privatn-arhiva-300x169.jpg 300w, https:\/\/centralmedia.rs\/wp-content\/uploads\/2016\/12\/radnici-u-sudnici-1-privatn-arhiva-768x432.jpg 768w, https:\/\/centralmedia.rs\/wp-content\/uploads\/2016\/12\/radnici-u-sudnici-1-privatn-arhiva.jpg 960w\" sizes=\"(max-width: 300px) 100vw, 300px\" \/><\/a><\/p>\n<p>-Status integral nas je tu\u017eio zbog ometanja poseda koji nije njihov, jer njime raspola\u017ee ste\u010dajni upravnik. Oni su posle raskida ugovora i prodaje nekretnine trebali da napuste ciglanu krajem juna. Nisu napustili lokaciju, te zbog toga njih tu\u017ei ste\u010dajni upravnik za ometanje poseda, a potpuno nelogi\u010dno je da oni tu\u017ee nas, ka\u017ee \u010dlan \u0160trajka\u010dkog odbora Sa\u0161a \u017divi\u0107.<\/p>\n<p><a href=\"https:\/\/centralmedia.rs\/wp-content\/uploads\/2016\/12\/radnici-ispred-suda.jpg\"><img loading=\"lazy\" decoding=\"async\" class=\"alignleft size-medium wp-image-6040\" src=\"https:\/\/centralmedia.rs\/wp-content\/uploads\/2016\/12\/radnici-ispred-suda-300x169.jpg\" alt=\"\" width=\"300\" height=\"169\" srcset=\"https:\/\/centralmedia.rs\/wp-content\/uploads\/2016\/12\/radnici-ispred-suda-300x169.jpg 300w, https:\/\/centralmedia.rs\/wp-content\/uploads\/2016\/12\/radnici-ispred-suda-768x432.jpg 768w, https:\/\/centralmedia.rs\/wp-content\/uploads\/2016\/12\/radnici-ispred-suda.jpg 960w\" sizes=\"(max-width: 300px) 100vw, 300px\" \/><\/a>Ina\u010de, radnici i Status integral su u postupku mirnog re\u0161avanja sporova. Radnici su zahtevali raskid radnog odnosa, vra\u0107anje radnih knji\u017eica i isplatu tri zarade, odnosno do kada je ciglana radila.<\/p>\n<p>&nbsp;<\/p>\n<p>-\u0160trajkujemo ve\u0107 53. dan, tra\u017eimo pravo na rad, a ne mo\u017eemo bez radnih knji\u017eica. Prijavili smo \u0161trajk i to radimo po zakonu, isti\u010de \u017divi\u0107.<a href=\"https:\/\/centralmedia.rs\/wp-content\/uploads\/2016\/12\/radnici.jpg\"><img loading=\"lazy\" decoding=\"async\" class=\"alignright size-medium wp-image-6041\" src=\"https:\/\/centralmedia.rs\/wp-content\/uploads\/2016\/12\/radnici-300x169.jpg\" alt=\"\" width=\"300\" height=\"169\" srcset=\"https:\/\/centralmedia.rs\/wp-content\/uploads\/2016\/12\/radnici-300x169.jpg 300w, https:\/\/centralmedia.rs\/wp-content\/uploads\/2016\/12\/radnici-768x432.jpg 768w, https:\/\/centralmedia.rs\/wp-content\/uploads\/2016\/12\/radnici.jpg 960w\" sizes=\"(max-width: 300px) 100vw, 300px\" \/><\/a><\/p>\n<p>Po tu\u017ebi ste\u010dajnog upravnika, a protiv Status integrala, zavr\u0161eno je su\u0111enje i o\u010dekuje se dostava re\u0161enja do 7. januara.<\/p>\n<p>&nbsp;<\/p>\n<p><strong><em>Svilajna\u010dka razglednica \u2013 Projekat se realizuje uz pomo\u0107 sredstava iz bud\u017eeta Op\u0161tine Svilajnac.<\/em><\/strong><\/p>\n<p>&nbsp;<\/p>\n","protected":false},"excerpt":{"rendered":"<p>SVILAJNAC-Zbog ometanja poseda danas je po\u010delo su\u0111enje 70. radnika svilajna\u010dke Ciglane u Osnovnom sudu, a po tu\u017ebi preduze\u0107a Status integral iz Kraljeva, koji je trebalo &hellip; <\/p>\n","protected":false},"author":4,"featured_media":6038,"comment_status":"open","ping_status":"open","sticky":false,"template":"","format":"standard","meta":{"footnotes":""},"categories":[22,1524,2,887,1517],"tags":[910,211,410,38],"_links":{"self":[{"href":"https:\/\/centralmedia.rs\/index.php\/wp-json\/wp\/v2\/posts\/6037"}],"collection":[{"href":"https:\/\/centralmedia.rs\/index.php\/wp-json\/wp\/v2\/posts"}],"about":[{"href":"https:\/\/centralmedia.rs\/index.php\/wp-json\/wp\/v2\/types\/post"}],"author":[{"embeddable":true,"href":"https:\/\/centralmedia.rs\/index.php\/wp-json\/wp\/v2\/users\/4"}],"replies":[{"embeddable":true,"href":"https:\/\/centralmedia.rs\/index.php\/wp-json\/wp\/v2\/comments?post=6037"}],"version-history":[{"count":0,"href":"https:\/\/centralmedia.rs\/index.php\/wp-json\/wp\/v2\/posts\/6037\/revisions"}],"wp:featuredmedia":[{"embeddable":true,"href":"https:\/\/centralmedia.rs\/index.php\/wp-json\/wp\/v2\/media\/6038"}],"wp:attachment":[{"href":"https:\/\/centralmedia.rs\/index.php\/wp-json\/wp\/v2\/media?parent=6037"}],"wp:term":[{"taxonomy":"category","embeddable":true,"href":"https:\/\/centralmedia.rs\/index.php\/wp-json\/wp\/v2\/categories?post=6037"},{"taxonomy":"post_tag","embeddable":true,"href":"https:\/\/centralmedia.rs\/index.php\/wp-json\/wp\/v2\/tags?post=6037"}],"curies":[{"name":"wp","href":"https:\/\/api.w.org\/{rel}","templated":true}]}}