{"id":6046,"date":"2016-12-24T10:59:42","date_gmt":"2016-12-24T10:59:42","guid":{"rendered":"http:\/\/centralmedia.rs\/?p=6046"},"modified":"2017-01-19T23:21:15","modified_gmt":"2017-01-19T23:21:15","slug":"evropa-finansira-zastitu-od-poplava-sledece-godine-bedemi-na-resavi-crnici","status":"publish","type":"post","link":"https:\/\/centralmedia.rs\/index.php\/2016\/12\/24\/evropa-finansira-zastitu-od-poplava-sledece-godine-bedemi-na-resavi-crnici\/","title":{"rendered":"EVROPA FINANSIRA ZA\u0160TITU OD POPLAVA, NAJAVILI PREDRAG MILANOVI\u0106 I SA\u0160A PAUNOVI\u0106"},"content":{"rendered":"<p>PARA\u0106IN-SVILAJNAC-Austrijska razvojna agencija ADA raspisala je tendere za regulaciju reka Resava u Svilajncu i Crnica u Para\u0107inu, koje su u maju 2014. godine poplavite gradska podru\u010dja i na\u010dinile \u0161tetu od oko 5 milijardi dinara.<a href=\"https:\/\/centralmedia.rs\/wp-content\/uploads\/2016\/12\/predrag-milanovic-3-svilajnac-g.j..jpg\"><img loading=\"lazy\" decoding=\"async\" class=\"alignright size-medium wp-image-6048\" src=\"https:\/\/centralmedia.rs\/wp-content\/uploads\/2016\/12\/predrag-milanovic-3-svilajnac-g.j.-300x225.jpg\" alt=\"\" width=\"300\" height=\"225\" srcset=\"https:\/\/centralmedia.rs\/wp-content\/uploads\/2016\/12\/predrag-milanovic-3-svilajnac-g.j.-300x225.jpg 300w, https:\/\/centralmedia.rs\/wp-content\/uploads\/2016\/12\/predrag-milanovic-3-svilajnac-g.j.-768x576.jpg 768w, https:\/\/centralmedia.rs\/wp-content\/uploads\/2016\/12\/predrag-milanovic-3-svilajnac-g.j.-80x60.jpg 80w, https:\/\/centralmedia.rs\/wp-content\/uploads\/2016\/12\/predrag-milanovic-3-svilajnac-g.j.-265x198.jpg 265w, https:\/\/centralmedia.rs\/wp-content\/uploads\/2016\/12\/predrag-milanovic-3-svilajnac-g.j..jpg 900w\" sizes=\"(max-width: 300px) 100vw, 300px\" \/><\/a><\/p>\n<p>-Najve\u0107a i najbitnija stvar u slede\u0107oj godini je regulacija reke Resave. Tender je raspisan 19. decembra, a \u00a025. januara je otvaranje ponuda. \u00a0O\u010dekujemo da u februaru dobijemo izvo\u0111a\u010da i pokrenemo radove vredne 270 miliona dinara, najavio je novogodi\u0161njem prijemu \u00a0predsednik op\u0161tine Svilajnac Predrag Milanovi\u0107.<\/p>\n<p>Agencija ADA je raspisala konkurs za izbor stru\u010dnog nadzora nad gra\u0111evinskim radovima za Svilajnac i Para\u0107in, te se o\u010dekuje ubrzo i raspisivanje tendera za gra\u0111evinske radove i u Para\u0107inu.<a href=\"https:\/\/centralmedia.rs\/wp-content\/uploads\/2016\/12\/konkurs.jpg\"><img loading=\"lazy\" decoding=\"async\" class=\"alignleft size-medium wp-image-6049\" src=\"https:\/\/centralmedia.rs\/wp-content\/uploads\/2016\/12\/konkurs-300x269.jpg\" alt=\"\" width=\"300\" height=\"269\" srcset=\"https:\/\/centralmedia.rs\/wp-content\/uploads\/2016\/12\/konkurs-300x269.jpg 300w, https:\/\/centralmedia.rs\/wp-content\/uploads\/2016\/12\/konkurs.jpg 526w\" sizes=\"(max-width: 300px) 100vw, 300px\" \/><\/a><\/p>\n<p>-Raspisan je tender za nadzor nad radovima za izgradnju novog sistema odbrane od poplava na Crnici, radove finansira EU, postupak sprovodi Austrijska razvojna agencija, a po planu i u organizaciji JVP &#8220;Srbijavode&#8221; koje je i odgovorno za upravljanje Crnicom,koja je &#8220;dr\u017eavna reka&#8221;, i odbranom od poplava na Crnici. Ovo zna\u010di da se kre\u0107e u vi\u0161emilionski, u eurima, projekat koji treba da vi\u0161e nego dvostruko unapredi mogu\u0107nost protoka vode koritom reke. Ako sve bude po planu, o\u010dekuje nas obimna izgradnja &#8211; realizacija svakako najve\u0107eg pojedina\u010dnog gra\u0111evinskog poduhvata u Para\u0107inu u vi\u0161e decenija, istakao je predsednik op\u0161tine Para\u0107in Sa\u0161a Paunovi\u0107.<\/p>\n<p>Rok za zavr\u0161etak radova je 2018 godina.<\/p>\n<p><strong><em>Svilajna\u010dka razglednica \u2013 Projekat se realizuje uz pomo\u0107 sredstava iz bud\u017eeta Op\u0161tine Svilajnac.<\/em><\/strong><\/p>\n<p>&nbsp;<\/p>\n","protected":false},"excerpt":{"rendered":"<p>PARA\u0106IN-SVILAJNAC-Austrijska razvojna agencija ADA raspisala je tendere za regulaciju reka Resava u Svilajncu i Crnica u Para\u0107inu, koje su u maju 2014. godine poplavite gradska &hellip; <\/p>\n","protected":false},"author":4,"featured_media":6047,"comment_status":"open","ping_status":"open","sticky":false,"template":"","format":"standard","meta":{"footnotes":""},"categories":[1524,2,1516,887,1517],"tags":[1551,225,156,1550,470,38],"_links":{"self":[{"href":"https:\/\/centralmedia.rs\/index.php\/wp-json\/wp\/v2\/posts\/6046"}],"collection":[{"href":"https:\/\/centralmedia.rs\/index.php\/wp-json\/wp\/v2\/posts"}],"about":[{"href":"https:\/\/centralmedia.rs\/index.php\/wp-json\/wp\/v2\/types\/post"}],"author":[{"embeddable":true,"href":"https:\/\/centralmedia.rs\/index.php\/wp-json\/wp\/v2\/users\/4"}],"replies":[{"embeddable":true,"href":"https:\/\/centralmedia.rs\/index.php\/wp-json\/wp\/v2\/comments?post=6046"}],"version-history":[{"count":0,"href":"https:\/\/centralmedia.rs\/index.php\/wp-json\/wp\/v2\/posts\/6046\/revisions"}],"wp:featuredmedia":[{"embeddable":true,"href":"https:\/\/centralmedia.rs\/index.php\/wp-json\/wp\/v2\/media\/6047"}],"wp:attachment":[{"href":"https:\/\/centralmedia.rs\/index.php\/wp-json\/wp\/v2\/media?parent=6046"}],"wp:term":[{"taxonomy":"category","embeddable":true,"href":"https:\/\/centralmedia.rs\/index.php\/wp-json\/wp\/v2\/categories?post=6046"},{"taxonomy":"post_tag","embeddable":true,"href":"https:\/\/centralmedia.rs\/index.php\/wp-json\/wp\/v2\/tags?post=6046"}],"curies":[{"name":"wp","href":"https:\/\/api.w.org\/{rel}","templated":true}]}}