{"id":6071,"date":"2016-12-26T13:31:18","date_gmt":"2016-12-26T13:31:18","guid":{"rendered":"http:\/\/centralmedia.rs\/?p=6071"},"modified":"2017-01-16T12:47:01","modified_gmt":"2017-01-16T12:47:01","slug":"izlozba-fotografija-sinise-ljubisavljevica-francuski-vitezovi-prevalili-2-000-kilometara-despotovca","status":"publish","type":"post","link":"https:\/\/centralmedia.rs\/index.php\/2016\/12\/26\/izlozba-fotografija-sinise-ljubisavljevica-francuski-vitezovi-prevalili-2-000-kilometara-despotovca\/","title":{"rendered":"IZLO\u017dBA FOTOGRAFIJA SINI\u0160E LJUBISAVLJEVI\u0106A &#8211; FRANCUSKI VITEZOVI PREVALILI 2.000 KILOMETARA DO DESPOTOVCA"},"content":{"rendered":"<p>DESPOTOVAC-Francuski vitezovi Pascal Gouin i Oliver do\u0161li su iz Pariza u Despotovac na izlo\u017ebu fotografija Sini\u0161e Ljubisavljevi\u0107a. Pre\u0161li su 2.000 kilometara da ispo\u0161tuju svog prijatelja i ponovo pogledaju fotografije koje su nastale na ovogodi\u0161njem Vite\u0161kom turniru ispod zidina manastira Mansaija i Vite\u0161kom selu.<\/p>\n<figure id=\"attachment_6073\" aria-describedby=\"caption-attachment-6073\" style=\"width: 210px\" class=\"wp-caption alignleft\"><a href=\"https:\/\/centralmedia.rs\/wp-content\/uploads\/2016\/12\/sinisa-i-vitezovi-francuski-desptoovac-s.lj_..jpg\"><img loading=\"lazy\" decoding=\"async\" class=\"size-medium wp-image-6073\" src=\"https:\/\/centralmedia.rs\/wp-content\/uploads\/2016\/12\/sinisa-i-vitezovi-francuski-desptoovac-s.lj_.-210x300.jpg\" alt=\"sinisa i vitezovi francuski-desptoovac-s.lj.\" width=\"210\" height=\"300\" srcset=\"https:\/\/centralmedia.rs\/wp-content\/uploads\/2016\/12\/sinisa-i-vitezovi-francuski-desptoovac-s.lj_.-210x300.jpg 210w, https:\/\/centralmedia.rs\/wp-content\/uploads\/2016\/12\/sinisa-i-vitezovi-francuski-desptoovac-s.lj_..jpg 629w\" sizes=\"(max-width: 210px) 100vw, 210px\" \/><\/a><figcaption id=\"caption-attachment-6073\" class=\"wp-caption-text\">Sini\u0161a sa francuskim vitezovima<\/figcaption><\/figure>\n<p>-Bavim se fotografijom iz hobija i ve\u0107 dve godine sam slikao Just out festival vitezova koji se odr\u017eava za vreme Dana srpskog duhovnog \u00a0preobra\u017eenja u Despotovcu. Francuzi su tamo dolazili kao vitezovi jedne od 12 zemalja. Lik Pascala mi je bio ba\u0161 upe\u010datljiv i orginalan tako da sam uradio seriju fotografija o njemu. Naravno na izlo\u017ebi ih ima samo dve, a ostale su u arhivi. Njemu se sve to dopalo i sa priajteljemo Oliverom, koji zna Srpski jezik, do\u0161ao je jer mnogo voli Srbiju i na\u0161e ljude, ka\u017ee Ljubisavljevi\u0107<\/p>\n<p>Izlo\u017eba je u Centru za kulturu i narednih mesec dana mo\u017ee da se pogleda.<\/p>\n<figure id=\"attachment_6074\" aria-describedby=\"caption-attachment-6074\" style=\"width: 300px\" class=\"wp-caption alignright\"><a href=\"https:\/\/centralmedia.rs\/wp-content\/uploads\/2016\/12\/pascal-gouin-desptovac-s.lj_..jpg\"><img loading=\"lazy\" decoding=\"async\" class=\"size-medium wp-image-6074\" src=\"https:\/\/centralmedia.rs\/wp-content\/uploads\/2016\/12\/pascal-gouin-desptovac-s.lj_.-300x200.jpg\" alt=\"pascal gouin-desptovac-s.lj.\" width=\"300\" height=\"200\" srcset=\"https:\/\/centralmedia.rs\/wp-content\/uploads\/2016\/12\/pascal-gouin-desptovac-s.lj_.-300x200.jpg 300w, https:\/\/centralmedia.rs\/wp-content\/uploads\/2016\/12\/pascal-gouin-desptovac-s.lj_.-768x511.jpg 768w, https:\/\/centralmedia.rs\/wp-content\/uploads\/2016\/12\/pascal-gouin-desptovac-s.lj_..jpg 960w\" sizes=\"(max-width: 300px) 100vw, 300px\" \/><\/a><figcaption id=\"caption-attachment-6074\" class=\"wp-caption-text\">Pascal Gouin<\/figcaption><\/figure>\n<p>-Sa Oliverom se trudim da sklonim lo\u0161u sliku o Srbiji i Srbima u svetu. Obilazimo sva mesta i propagiramo Srbiju u svetu.Odu\u0161evljeni smo Srbima i gostoprimstvom. Septembra 2017. u Provansi u Francuskoj odr\u017eava se Vite\u0161ki sabor, o\u010dekuje da Sini\u0161a fotoaparatom zabele\u017ei taj doga\u0111aj, rekao je Pascal.<\/p>\n<p>Ljubisavljevi\u0107 je izlo\u017eio vi\u0161e desetina fotografija koje nastale na njegovim putovanjima, ali najupe\u010datljivije su footgarfije viztezova i Manasije.<\/p>\n<p><em><strong>Pozitivni primeri-Razglednica iz Despotovca \u2013 Projekat se realizuje uz pomo\u0107 sredstava iz bud\u017eeta Op\u0161tine Despotovac<\/strong><\/em><\/p>\n","protected":false},"excerpt":{"rendered":"<p>DESPOTOVAC-Francuski vitezovi Pascal Gouin i Oliver do\u0161li su iz Pariza u Despotovac na izlo\u017ebu fotografija Sini\u0161e Ljubisavljevi\u0107a. Pre\u0161li su 2.000 kilometara da ispo\u0161tuju svog prijatelja &hellip; <\/p>\n","protected":false},"author":4,"featured_media":6076,"comment_status":"open","ping_status":"open","sticky":false,"template":"","format":"standard","meta":{"footnotes":""},"categories":[1518,1524,2,15,887,12],"tags":[51,1554,723],"_links":{"self":[{"href":"https:\/\/centralmedia.rs\/index.php\/wp-json\/wp\/v2\/posts\/6071"}],"collection":[{"href":"https:\/\/centralmedia.rs\/index.php\/wp-json\/wp\/v2\/posts"}],"about":[{"href":"https:\/\/centralmedia.rs\/index.php\/wp-json\/wp\/v2\/types\/post"}],"author":[{"embeddable":true,"href":"https:\/\/centralmedia.rs\/index.php\/wp-json\/wp\/v2\/users\/4"}],"replies":[{"embeddable":true,"href":"https:\/\/centralmedia.rs\/index.php\/wp-json\/wp\/v2\/comments?post=6071"}],"version-history":[{"count":0,"href":"https:\/\/centralmedia.rs\/index.php\/wp-json\/wp\/v2\/posts\/6071\/revisions"}],"wp:featuredmedia":[{"embeddable":true,"href":"https:\/\/centralmedia.rs\/index.php\/wp-json\/wp\/v2\/media\/6076"}],"wp:attachment":[{"href":"https:\/\/centralmedia.rs\/index.php\/wp-json\/wp\/v2\/media?parent=6071"}],"wp:term":[{"taxonomy":"category","embeddable":true,"href":"https:\/\/centralmedia.rs\/index.php\/wp-json\/wp\/v2\/categories?post=6071"},{"taxonomy":"post_tag","embeddable":true,"href":"https:\/\/centralmedia.rs\/index.php\/wp-json\/wp\/v2\/tags?post=6071"}],"curies":[{"name":"wp","href":"https:\/\/api.w.org\/{rel}","templated":true}]}}