{"id":6085,"date":"2016-12-27T10:29:23","date_gmt":"2016-12-27T10:29:23","guid":{"rendered":"http:\/\/centralmedia.rs\/?p=6085"},"modified":"2017-01-19T23:16:15","modified_gmt":"2017-01-19T23:16:15","slug":"posle-40-godina-u-cupriji-izlozeni-eksponati-koje-cuva-jagodinski-muzej","status":"publish","type":"post","link":"https:\/\/centralmedia.rs\/index.php\/2016\/12\/27\/posle-40-godina-u-cupriji-izlozeni-eksponati-koje-cuva-jagodinski-muzej\/","title":{"rendered":"POSLE 40 GODINA U \u0106UPRIJI IZLO\u017dENI EKSPONATI KOJE \u010cUVA JAGODINSKI MUZEJ"},"content":{"rendered":"<p>\u0106UPRIJA-Posle vi\u0161e od \u010detiri decenije \u0106upri\u010dani su u prilici da u muzeju HoreumMargi-Ravno vide deo vrednih arhelo\u0161kih eksponata koji se \u010duvaju u jagodinskom Zavi\u010dajnom muzeju. Povod za izlo\u017ebu bila 60. godi\u0161njica od izgradnje muzeja i 30 godina od smrti osniva\u010da \u0107uprijskog muzeja i pionira areheologije u ovom delu Srbije Igora Parfjonova. Re\u010d je o vrednim\u00a0 eksponatima koji datiraju iz perioda neolita i antike.<\/p>\n<figure id=\"attachment_6087\" aria-describedby=\"caption-attachment-6087\" style=\"width: 300px\" class=\"wp-caption alignleft\"><a href=\"https:\/\/centralmedia.rs\/wp-content\/uploads\/2016\/12\/direktor-novak-novakovic-cuprija-g.j..jpg\"><img loading=\"lazy\" decoding=\"async\" class=\"size-medium wp-image-6087\" src=\"https:\/\/centralmedia.rs\/wp-content\/uploads\/2016\/12\/direktor-novak-novakovic-cuprija-g.j.-300x225.jpg\" alt=\"direktor novak novakovic-cuprija-g.j.\" width=\"300\" height=\"225\" srcset=\"https:\/\/centralmedia.rs\/wp-content\/uploads\/2016\/12\/direktor-novak-novakovic-cuprija-g.j.-300x225.jpg 300w, https:\/\/centralmedia.rs\/wp-content\/uploads\/2016\/12\/direktor-novak-novakovic-cuprija-g.j.-768x576.jpg 768w, https:\/\/centralmedia.rs\/wp-content\/uploads\/2016\/12\/direktor-novak-novakovic-cuprija-g.j.-80x60.jpg 80w, https:\/\/centralmedia.rs\/wp-content\/uploads\/2016\/12\/direktor-novak-novakovic-cuprija-g.j.-265x198.jpg 265w, https:\/\/centralmedia.rs\/wp-content\/uploads\/2016\/12\/direktor-novak-novakovic-cuprija-g.j..jpg 900w\" sizes=\"(max-width: 300px) 100vw, 300px\" \/><\/a><figcaption id=\"caption-attachment-6087\" class=\"wp-caption-text\">Novak Novakovi\u0107<\/figcaption><\/figure>\n<p>-Deo postavke ove izlo\u017ebe \u010dine eksponati koji se nalaze u Zavi\u010dajnom muzeju u Jagodini i oni su u \u0106upriji u izlo\u017ebenoj postavci posle \u010detrdeset godina prvi put. To je zna\u010dajna komponenta ove izlo\u017ebe.\u00a0 Pri\u010da o \u0107uprijskom muzeju se \u0161iri, jer o\u010dekujemo da stalnu izlo\u017ebenu postavku obogatimo daljim arheolo\u0161kim istra\u017eivanjima, ka\u017ee direktor tog muzeja Novak Novakovi\u0107.<\/p>\n<p>Parfjonov je za\u010detnik je muzejske delatnosti u \u0106upriji. Eksponati i panoi govore o njegovom\u00a0 radu.<\/p>\n<p><a href=\"https:\/\/centralmedia.rs\/wp-content\/uploads\/2016\/12\/izlozba-2-cuprija-g.j..jpg\"><img loading=\"lazy\" decoding=\"async\" class=\"alignright size-medium wp-image-6088\" src=\"https:\/\/centralmedia.rs\/wp-content\/uploads\/2016\/12\/izlozba-2-cuprija-g.j.-300x225.jpg\" alt=\"izlozba 2-cuprija-g.j.\" width=\"300\" height=\"225\" srcset=\"https:\/\/centralmedia.rs\/wp-content\/uploads\/2016\/12\/izlozba-2-cuprija-g.j.-300x225.jpg 300w, https:\/\/centralmedia.rs\/wp-content\/uploads\/2016\/12\/izlozba-2-cuprija-g.j.-768x576.jpg 768w, https:\/\/centralmedia.rs\/wp-content\/uploads\/2016\/12\/izlozba-2-cuprija-g.j.-80x60.jpg 80w, https:\/\/centralmedia.rs\/wp-content\/uploads\/2016\/12\/izlozba-2-cuprija-g.j.-265x198.jpg 265w, https:\/\/centralmedia.rs\/wp-content\/uploads\/2016\/12\/izlozba-2-cuprija-g.j..jpg 900w\" sizes=\"(max-width: 300px) 100vw, 300px\" \/><\/a><\/p>\n<p>-Zna\u010daj njegovog rada je u tome \u0161to se niko pre i posle njega nije muzeju i starinama posvetio na taj na\u010din. Muzej koji je on po\u010deo da formira sa svojim u\u010denicima jo\u0161 1952. godine, danas bio bio veoma zna\u010dajna institucija u Pomoravlju. Na\u017ealost ljudi i okolnosti su u\u010dinili da zgrada muzeja, koja je bila ukras tada\u0161nje \u0106uprije, danas ne postoji. Posle poplave 1968. godine muzej je prakti\u010dno uga\u0161en, a deo eksponata prenet na \u010duvanje u jagodinski i beogradski muzej. Kako bi to danas izgledalo ne znamo, znamo kako jeste, na nama je da se trudimo da vratimo sjaj \u0107uprijskoj istoriji i arheologiji, pri\u010da Novakovi\u0107.<a href=\"https:\/\/centralmedia.rs\/wp-content\/uploads\/2016\/12\/izlozba-1-cuprija-g.j..jpg\"><img loading=\"lazy\" decoding=\"async\" class=\"alignleft size-medium wp-image-6089\" src=\"https:\/\/centralmedia.rs\/wp-content\/uploads\/2016\/12\/izlozba-1-cuprija-g.j.-300x225.jpg\" alt=\"\" width=\"300\" height=\"225\" srcset=\"https:\/\/centralmedia.rs\/wp-content\/uploads\/2016\/12\/izlozba-1-cuprija-g.j.-300x225.jpg 300w, https:\/\/centralmedia.rs\/wp-content\/uploads\/2016\/12\/izlozba-1-cuprija-g.j.-768x576.jpg 768w, https:\/\/centralmedia.rs\/wp-content\/uploads\/2016\/12\/izlozba-1-cuprija-g.j.-80x60.jpg 80w, https:\/\/centralmedia.rs\/wp-content\/uploads\/2016\/12\/izlozba-1-cuprija-g.j.-265x198.jpg 265w, https:\/\/centralmedia.rs\/wp-content\/uploads\/2016\/12\/izlozba-1-cuprija-g.j..jpg 900w\" sizes=\"(max-width: 300px) 100vw, 300px\" \/><\/a><\/p>\n<p>Izlo\u017eba \u0107e biti otvorena do 18 marta.<\/p>\n<p><strong><em>Pozitivni primeri Razglednica iz <\/em><\/strong><strong><em>\u0106uprije<\/em><\/strong><strong><em> \u2013 Projekat se realizuje uz pomo\u0107 sredstava iz bud\u017eeta Op\u0161tine \u0106uprija.<\/em><\/strong><\/p>\n<p>&nbsp;<\/p>\n","protected":false},"excerpt":{"rendered":"<p>\u0106UPRIJA-Posle vi\u0161e od \u010detiri decenije \u0106upri\u010dani su u prilici da u muzeju HoreumMargi-Ravno vide deo vrednih arhelo\u0161kih eksponata koji se \u010duvaju u jagodinskom Zavi\u010dajnom muzeju. &hellip; <\/p>\n","protected":false},"author":4,"featured_media":6086,"comment_status":"open","ping_status":"open","sticky":false,"template":"","format":"standard","meta":{"footnotes":""},"categories":[1515,1524,2,15,887,12],"tags":[44,1401,1557],"_links":{"self":[{"href":"https:\/\/centralmedia.rs\/index.php\/wp-json\/wp\/v2\/posts\/6085"}],"collection":[{"href":"https:\/\/centralmedia.rs\/index.php\/wp-json\/wp\/v2\/posts"}],"about":[{"href":"https:\/\/centralmedia.rs\/index.php\/wp-json\/wp\/v2\/types\/post"}],"author":[{"embeddable":true,"href":"https:\/\/centralmedia.rs\/index.php\/wp-json\/wp\/v2\/users\/4"}],"replies":[{"embeddable":true,"href":"https:\/\/centralmedia.rs\/index.php\/wp-json\/wp\/v2\/comments?post=6085"}],"version-history":[{"count":0,"href":"https:\/\/centralmedia.rs\/index.php\/wp-json\/wp\/v2\/posts\/6085\/revisions"}],"wp:featuredmedia":[{"embeddable":true,"href":"https:\/\/centralmedia.rs\/index.php\/wp-json\/wp\/v2\/media\/6086"}],"wp:attachment":[{"href":"https:\/\/centralmedia.rs\/index.php\/wp-json\/wp\/v2\/media?parent=6085"}],"wp:term":[{"taxonomy":"category","embeddable":true,"href":"https:\/\/centralmedia.rs\/index.php\/wp-json\/wp\/v2\/categories?post=6085"},{"taxonomy":"post_tag","embeddable":true,"href":"https:\/\/centralmedia.rs\/index.php\/wp-json\/wp\/v2\/tags?post=6085"}],"curies":[{"name":"wp","href":"https:\/\/api.w.org\/{rel}","templated":true}]}}