{"id":6093,"date":"2016-12-27T10:36:05","date_gmt":"2016-12-27T10:36:05","guid":{"rendered":"http:\/\/centralmedia.rs\/?p=6093"},"modified":"2016-12-27T10:36:05","modified_gmt":"2016-12-27T10:36:05","slug":"porodica-ivanovic-dobice-struju-posle-21-godine","status":"publish","type":"post","link":"https:\/\/centralmedia.rs\/index.php\/2016\/12\/27\/porodica-ivanovic-dobice-struju-posle-21-godine\/","title":{"rendered":"PORODICA IVANOVI\u0106 DOBI\u0106E STRUJU POSLE 21 GODINE"},"content":{"rendered":"<p>PARA\u0106IN-Porodica Ivanovi\u0107 iz Para\u0107ina posle 21. godine dobi\u0107e struju u svom domu. Odbornici Udru\u017eenja Pokret za selo i grad- Ekolo\u0161ki pokret inicirali su rekostrukciju ku\u0107e i priklju\u010denje struje.<\/p>\n<div id='gallery-1' class='gallery galleryid-6093 gallery-columns-2 gallery-size-full'><figure class='gallery-item'>\n\t\t\t<div class='gallery-icon portrait'>\n\t\t\t\t<a href='https:\/\/centralmedia.rs\/index.php\/2016\/12\/27\/porodica-ivanovic-dobice-struju-posle-21-godine\/ivanovic-1-paracin-arhiva-privatna\/'><img loading=\"lazy\" decoding=\"async\" width=\"720\" height=\"960\" src=\"https:\/\/centralmedia.rs\/wp-content\/uploads\/2016\/12\/ivanovic-1-paracin-arhiva-privatna.jpg\" class=\"attachment-full size-full\" alt=\"\" srcset=\"https:\/\/centralmedia.rs\/wp-content\/uploads\/2016\/12\/ivanovic-1-paracin-arhiva-privatna.jpg 720w, https:\/\/centralmedia.rs\/wp-content\/uploads\/2016\/12\/ivanovic-1-paracin-arhiva-privatna-225x300.jpg 225w\" sizes=\"(max-width: 720px) 100vw, 720px\" \/><\/a>\n\t\t\t<\/div><\/figure><figure class='gallery-item'>\n\t\t\t<div class='gallery-icon portrait'>\n\t\t\t\t<a href='https:\/\/centralmedia.rs\/index.php\/2016\/12\/27\/porodica-ivanovic-dobice-struju-posle-21-godine\/ivanovic-3-paracin-arhiva-privatna\/'><img loading=\"lazy\" decoding=\"async\" width=\"720\" height=\"960\" src=\"https:\/\/centralmedia.rs\/wp-content\/uploads\/2016\/12\/ivanovic-3-paracin-arhiva-privatna.jpg\" class=\"attachment-full size-full\" alt=\"\" srcset=\"https:\/\/centralmedia.rs\/wp-content\/uploads\/2016\/12\/ivanovic-3-paracin-arhiva-privatna.jpg 720w, https:\/\/centralmedia.rs\/wp-content\/uploads\/2016\/12\/ivanovic-3-paracin-arhiva-privatna-225x300.jpg 225w\" sizes=\"(max-width: 720px) 100vw, 720px\" \/><\/a>\n\t\t\t<\/div><\/figure>\n\t\t<\/div>\n\n<p>-Odu\u0161evljena sam i zahvalana dobrim ljudima \u0161to smo dobili sve ovo.<a href=\"https:\/\/centralmedia.rs\/wp-content\/uploads\/2016\/12\/ivanovic-2-paracin-arhiva-privatna.jpg\"><img loading=\"lazy\" decoding=\"async\" class=\"alignright size-medium wp-image-6097\" src=\"https:\/\/centralmedia.rs\/wp-content\/uploads\/2016\/12\/ivanovic-2-paracin-arhiva-privatna-300x225.jpg\" alt=\"\" width=\"300\" height=\"225\" srcset=\"https:\/\/centralmedia.rs\/wp-content\/uploads\/2016\/12\/ivanovic-2-paracin-arhiva-privatna-300x225.jpg 300w, https:\/\/centralmedia.rs\/wp-content\/uploads\/2016\/12\/ivanovic-2-paracin-arhiva-privatna-768x575.jpg 768w, https:\/\/centralmedia.rs\/wp-content\/uploads\/2016\/12\/ivanovic-2-paracin-arhiva-privatna-80x60.jpg 80w, https:\/\/centralmedia.rs\/wp-content\/uploads\/2016\/12\/ivanovic-2-paracin-arhiva-privatna-265x198.jpg 265w, https:\/\/centralmedia.rs\/wp-content\/uploads\/2016\/12\/ivanovic-2-paracin-arhiva-privatna.jpg 960w\" sizes=\"(max-width: 300px) 100vw, 300px\" \/><\/a>\u00a0Jo\u0161 da nam ukulju\u010de struju i da \u017eivimo kao svi normalni ljudi.Sa sinom Milo\u0161em \u017eivim u stanu. Uslovi za \u017eivot su se stalno pogor\u0161avali, pri\u010da Milanka.<\/p>\n<p>&nbsp;<\/p>\n<p>Ivanovi\u0107ima je rekonstruisana ku\u0107a, zamenjena stolarija, izgra\u0111eno kupatilo i kuhinja. Jedini prihod porodice je socijalna pomo\u0107.<\/p>\n","protected":false},"excerpt":{"rendered":"<p>PARA\u0106IN-Porodica Ivanovi\u0107 iz Para\u0107ina posle 21. godine dobi\u0107e struju u svom domu. Odbornici Udru\u017eenja Pokret za selo i grad- Ekolo\u0161ki pokret inicirali su rekostrukciju ku\u0107e &hellip; <\/p>\n","protected":false},"author":4,"featured_media":6094,"comment_status":"open","ping_status":"open","sticky":false,"template":"","format":"standard","meta":{"footnotes":""},"categories":[1524,2,1516,887],"tags":[1558,156,1559],"_links":{"self":[{"href":"https:\/\/centralmedia.rs\/index.php\/wp-json\/wp\/v2\/posts\/6093"}],"collection":[{"href":"https:\/\/centralmedia.rs\/index.php\/wp-json\/wp\/v2\/posts"}],"about":[{"href":"https:\/\/centralmedia.rs\/index.php\/wp-json\/wp\/v2\/types\/post"}],"author":[{"embeddable":true,"href":"https:\/\/centralmedia.rs\/index.php\/wp-json\/wp\/v2\/users\/4"}],"replies":[{"embeddable":true,"href":"https:\/\/centralmedia.rs\/index.php\/wp-json\/wp\/v2\/comments?post=6093"}],"version-history":[{"count":0,"href":"https:\/\/centralmedia.rs\/index.php\/wp-json\/wp\/v2\/posts\/6093\/revisions"}],"wp:featuredmedia":[{"embeddable":true,"href":"https:\/\/centralmedia.rs\/index.php\/wp-json\/wp\/v2\/media\/6094"}],"wp:attachment":[{"href":"https:\/\/centralmedia.rs\/index.php\/wp-json\/wp\/v2\/media?parent=6093"}],"wp:term":[{"taxonomy":"category","embeddable":true,"href":"https:\/\/centralmedia.rs\/index.php\/wp-json\/wp\/v2\/categories?post=6093"},{"taxonomy":"post_tag","embeddable":true,"href":"https:\/\/centralmedia.rs\/index.php\/wp-json\/wp\/v2\/tags?post=6093"}],"curies":[{"name":"wp","href":"https:\/\/api.w.org\/{rel}","templated":true}]}}