{"id":6159,"date":"2016-12-30T13:53:45","date_gmt":"2016-12-30T13:53:45","guid":{"rendered":"http:\/\/centralmedia.rs\/?p=6159"},"modified":"2017-01-19T22:53:15","modified_gmt":"2017-01-19T22:53:15","slug":"novogodisnja-slika-iz-paracina-cuprije-svilajnca","status":"publish","type":"post","link":"https:\/\/centralmedia.rs\/index.php\/2016\/12\/30\/novogodisnja-slika-iz-paracina-cuprije-svilajnca\/","title":{"rendered":"NOVOGODI\u0160NJA SLIKA IZ PARA\u0106INA, \u0106UPRIJE I SVILAJNCA"},"content":{"rendered":"<p>PARA\u0106IN-Lena Kova\u010devi\u0107 ve\u010deras gostuje u para\u0107inskom Pozori\u0161tu, a danas je na trgu u tom gradu organizovano ki\u0107enje novogodi\u0161nje jelke za osnovce.<\/p>\n<div id='gallery-1' class='gallery galleryid-6159 gallery-columns-3 gallery-size-full'><figure class='gallery-item'>\n\t\t\t<div class='gallery-icon landscape'>\n\t\t\t\t<a href='https:\/\/centralmedia.rs\/index.php\/2016\/12\/30\/novogodisnja-slika-iz-paracina-cuprije-svilajnca\/jelka-3\/'><img loading=\"lazy\" decoding=\"async\" width=\"960\" height=\"720\" src=\"https:\/\/centralmedia.rs\/wp-content\/uploads\/2016\/12\/jelka-3.jpg\" class=\"attachment-full size-full\" alt=\"\" srcset=\"https:\/\/centralmedia.rs\/wp-content\/uploads\/2016\/12\/jelka-3.jpg 960w, https:\/\/centralmedia.rs\/wp-content\/uploads\/2016\/12\/jelka-3-300x225.jpg 300w, https:\/\/centralmedia.rs\/wp-content\/uploads\/2016\/12\/jelka-3-768x576.jpg 768w, https:\/\/centralmedia.rs\/wp-content\/uploads\/2016\/12\/jelka-3-80x60.jpg 80w, https:\/\/centralmedia.rs\/wp-content\/uploads\/2016\/12\/jelka-3-265x198.jpg 265w\" sizes=\"(max-width: 960px) 100vw, 960px\" \/><\/a>\n\t\t\t<\/div><\/figure><figure class='gallery-item'>\n\t\t\t<div class='gallery-icon landscape'>\n\t\t\t\t<a href='https:\/\/centralmedia.rs\/index.php\/2016\/12\/30\/novogodisnja-slika-iz-paracina-cuprije-svilajnca\/jelka-2\/'><img loading=\"lazy\" decoding=\"async\" width=\"960\" height=\"720\" src=\"https:\/\/centralmedia.rs\/wp-content\/uploads\/2016\/12\/jelka-2.jpg\" class=\"attachment-full size-full\" alt=\"\" srcset=\"https:\/\/centralmedia.rs\/wp-content\/uploads\/2016\/12\/jelka-2.jpg 960w, https:\/\/centralmedia.rs\/wp-content\/uploads\/2016\/12\/jelka-2-300x225.jpg 300w, https:\/\/centralmedia.rs\/wp-content\/uploads\/2016\/12\/jelka-2-768x576.jpg 768w, https:\/\/centralmedia.rs\/wp-content\/uploads\/2016\/12\/jelka-2-80x60.jpg 80w, https:\/\/centralmedia.rs\/wp-content\/uploads\/2016\/12\/jelka-2-265x198.jpg 265w\" sizes=\"(max-width: 960px) 100vw, 960px\" \/><\/a>\n\t\t\t<\/div><\/figure><figure class='gallery-item'>\n\t\t\t<div class='gallery-icon landscape'>\n\t\t\t\t<a href='https:\/\/centralmedia.rs\/index.php\/2016\/12\/30\/novogodisnja-slika-iz-paracina-cuprije-svilajnca\/jelka\/'><img loading=\"lazy\" decoding=\"async\" width=\"960\" height=\"720\" src=\"https:\/\/centralmedia.rs\/wp-content\/uploads\/2016\/12\/jelka.jpg\" class=\"attachment-full size-full\" alt=\"\" srcset=\"https:\/\/centralmedia.rs\/wp-content\/uploads\/2016\/12\/jelka.jpg 960w, https:\/\/centralmedia.rs\/wp-content\/uploads\/2016\/12\/jelka-300x225.jpg 300w, https:\/\/centralmedia.rs\/wp-content\/uploads\/2016\/12\/jelka-768x576.jpg 768w, https:\/\/centralmedia.rs\/wp-content\/uploads\/2016\/12\/jelka-80x60.jpg 80w, https:\/\/centralmedia.rs\/wp-content\/uploads\/2016\/12\/jelka-265x198.jpg 265w\" sizes=\"(max-width: 960px) 100vw, 960px\" \/><\/a>\n\t\t\t<\/div><\/figure>\n\t\t<\/div>\n\n<p>Pored toga, odr\u017eano je takmi\u010denje u brzom jedenju \u0161ampita. Deca su pravila novogodi\u0161nje \u010destitke i Deda Mrazu rekli svoje \u017eelje koje \u0107e im sigurno biti ostvarene. Deca su dobila i slatke poklone.<\/p>\n<div id='gallery-2' class='gallery galleryid-6159 gallery-columns-3 gallery-size-full'><figure class='gallery-item'>\n\t\t\t<div class='gallery-icon landscape'>\n\t\t\t\t<a href='https:\/\/centralmedia.rs\/index.php\/2016\/12\/30\/novogodisnja-slika-iz-paracina-cuprije-svilajnca\/decja-radost-3\/'><img loading=\"lazy\" decoding=\"async\" width=\"960\" height=\"540\" src=\"https:\/\/centralmedia.rs\/wp-content\/uploads\/2016\/12\/decja-radost-3.jpg\" class=\"attachment-full size-full\" alt=\"\" srcset=\"https:\/\/centralmedia.rs\/wp-content\/uploads\/2016\/12\/decja-radost-3.jpg 960w, https:\/\/centralmedia.rs\/wp-content\/uploads\/2016\/12\/decja-radost-3-300x169.jpg 300w, https:\/\/centralmedia.rs\/wp-content\/uploads\/2016\/12\/decja-radost-3-768x432.jpg 768w\" sizes=\"(max-width: 960px) 100vw, 960px\" \/><\/a>\n\t\t\t<\/div><\/figure><figure class='gallery-item'>\n\t\t\t<div class='gallery-icon landscape'>\n\t\t\t\t<a href='https:\/\/centralmedia.rs\/index.php\/2016\/12\/30\/novogodisnja-slika-iz-paracina-cuprije-svilajnca\/decja-radost-2\/'><img loading=\"lazy\" decoding=\"async\" width=\"960\" height=\"540\" src=\"https:\/\/centralmedia.rs\/wp-content\/uploads\/2016\/12\/decja-radost-2.jpg\" class=\"attachment-full size-full\" alt=\"\" srcset=\"https:\/\/centralmedia.rs\/wp-content\/uploads\/2016\/12\/decja-radost-2.jpg 960w, https:\/\/centralmedia.rs\/wp-content\/uploads\/2016\/12\/decja-radost-2-300x169.jpg 300w, https:\/\/centralmedia.rs\/wp-content\/uploads\/2016\/12\/decja-radost-2-768x432.jpg 768w\" sizes=\"(max-width: 960px) 100vw, 960px\" \/><\/a>\n\t\t\t<\/div><\/figure><figure class='gallery-item'>\n\t\t\t<div class='gallery-icon landscape'>\n\t\t\t\t<a href='https:\/\/centralmedia.rs\/index.php\/2016\/12\/30\/novogodisnja-slika-iz-paracina-cuprije-svilajnca\/decja-radost\/'><img loading=\"lazy\" decoding=\"async\" width=\"497\" height=\"280\" src=\"https:\/\/centralmedia.rs\/wp-content\/uploads\/2016\/12\/decja-radost.jpg\" class=\"attachment-full size-full\" alt=\"\" srcset=\"https:\/\/centralmedia.rs\/wp-content\/uploads\/2016\/12\/decja-radost.jpg 497w, https:\/\/centralmedia.rs\/wp-content\/uploads\/2016\/12\/decja-radost-300x169.jpg 300w\" sizes=\"(max-width: 497px) 100vw, 497px\" \/><\/a>\n\t\t\t<\/div><\/figure>\n\t\t<\/div>\n\n<p>U \u0106upriji je ju\u010de u hali Ada organizovana novogodi\u0161nja zabava za 370 mali\u0161ana iz vrti\u0107a De\u010dija radost, Deda Mraz je delio paketi\u0107e. U svilajna\u010dkom \u00a0vrti\u0107u \u201eDe\u010dija radost\u201c odr\u017eana novogodi\u0161nja predstava \u201e\u010carolija\u201c namenjena deci iz seoskih vaspitnih grupa.<\/p>\n<div id='gallery-3' class='gallery galleryid-6159 gallery-columns-2 gallery-size-full'><figure class='gallery-item'>\n\t\t\t<div class='gallery-icon landscape'>\n\t\t\t\t<a href='https:\/\/centralmedia.rs\/index.php\/2016\/12\/30\/novogodisnja-slika-iz-paracina-cuprije-svilajnca\/svilajanc\/'><img loading=\"lazy\" decoding=\"async\" width=\"960\" height=\"640\" src=\"https:\/\/centralmedia.rs\/wp-content\/uploads\/2016\/12\/svilajanc.jpg\" class=\"attachment-full size-full\" alt=\"\" srcset=\"https:\/\/centralmedia.rs\/wp-content\/uploads\/2016\/12\/svilajanc.jpg 960w, https:\/\/centralmedia.rs\/wp-content\/uploads\/2016\/12\/svilajanc-300x200.jpg 300w, https:\/\/centralmedia.rs\/wp-content\/uploads\/2016\/12\/svilajanc-768x512.jpg 768w\" sizes=\"(max-width: 960px) 100vw, 960px\" \/><\/a>\n\t\t\t<\/div><\/figure><figure class='gallery-item'>\n\t\t\t<div class='gallery-icon landscape'>\n\t\t\t\t<a href='https:\/\/centralmedia.rs\/index.php\/2016\/12\/30\/novogodisnja-slika-iz-paracina-cuprije-svilajnca\/svilajanc-1\/'><img loading=\"lazy\" decoding=\"async\" width=\"960\" height=\"640\" src=\"https:\/\/centralmedia.rs\/wp-content\/uploads\/2016\/12\/svilajanc-1.jpg\" class=\"attachment-full size-full\" alt=\"\" srcset=\"https:\/\/centralmedia.rs\/wp-content\/uploads\/2016\/12\/svilajanc-1.jpg 960w, https:\/\/centralmedia.rs\/wp-content\/uploads\/2016\/12\/svilajanc-1-300x200.jpg 300w, https:\/\/centralmedia.rs\/wp-content\/uploads\/2016\/12\/svilajanc-1-768x512.jpg 768w\" sizes=\"(max-width: 960px) 100vw, 960px\" \/><\/a>\n\t\t\t<\/div><\/figure>\n\t\t<\/div>\n\n<p>U predstavi su u\u010destvovala deca iz mati\u010dnog vrti\u0107a, ali i vaspita\u010dice.<\/p>\n<p><strong><em>Pozitivni primeri Razglednica iz <\/em><\/strong><strong><em>\u0106uprije<\/em><\/strong><strong><em> \u2013 Projekat se realizuje uz pomo\u0107 sredstava iz bud\u017eeta Op\u0161tine \u0106uprija.<\/em><\/strong><\/p>\n<p><strong><em>Svilajna\u010dka razglednica \u2013 Projekat se realizuje uz pomo\u0107 sredstava iz bud\u017eeta Op\u0161tine Svilajnac.<\/em><\/strong><\/p>\n","protected":false},"excerpt":{"rendered":"<p>PARA\u0106IN-Lena Kova\u010devi\u0107 ve\u010deras gostuje u para\u0107inskom Pozori\u0161tu, a danas je na trgu u tom gradu organizovano ki\u0107enje novogodi\u0161nje jelke za osnovce. Pored toga, odr\u017eano je &hellip; <\/p>\n","protected":false},"author":4,"featured_media":6160,"comment_status":"open","ping_status":"open","sticky":false,"template":"","format":"standard","meta":{"footnotes":""},"categories":[1515,1524,2,1516,887,1517],"tags":[44,355,156,38],"_links":{"self":[{"href":"https:\/\/centralmedia.rs\/index.php\/wp-json\/wp\/v2\/posts\/6159"}],"collection":[{"href":"https:\/\/centralmedia.rs\/index.php\/wp-json\/wp\/v2\/posts"}],"about":[{"href":"https:\/\/centralmedia.rs\/index.php\/wp-json\/wp\/v2\/types\/post"}],"author":[{"embeddable":true,"href":"https:\/\/centralmedia.rs\/index.php\/wp-json\/wp\/v2\/users\/4"}],"replies":[{"embeddable":true,"href":"https:\/\/centralmedia.rs\/index.php\/wp-json\/wp\/v2\/comments?post=6159"}],"version-history":[{"count":0,"href":"https:\/\/centralmedia.rs\/index.php\/wp-json\/wp\/v2\/posts\/6159\/revisions"}],"wp:featuredmedia":[{"embeddable":true,"href":"https:\/\/centralmedia.rs\/index.php\/wp-json\/wp\/v2\/media\/6160"}],"wp:attachment":[{"href":"https:\/\/centralmedia.rs\/index.php\/wp-json\/wp\/v2\/media?parent=6159"}],"wp:term":[{"taxonomy":"category","embeddable":true,"href":"https:\/\/centralmedia.rs\/index.php\/wp-json\/wp\/v2\/categories?post=6159"},{"taxonomy":"post_tag","embeddable":true,"href":"https:\/\/centralmedia.rs\/index.php\/wp-json\/wp\/v2\/tags?post=6159"}],"curies":[{"name":"wp","href":"https:\/\/api.w.org\/{rel}","templated":true}]}}