{"id":6170,"date":"2016-12-31T18:34:04","date_gmt":"2016-12-31T18:34:04","guid":{"rendered":"http:\/\/centralmedia.rs\/?p=6170"},"modified":"2017-01-16T12:40:20","modified_gmt":"2017-01-16T12:40:20","slug":"veceras-kvazartet-u-despotovcu-trubaci-u-paracinu-mina-u-jagodini","status":"publish","type":"post","link":"https:\/\/centralmedia.rs\/index.php\/2016\/12\/31\/veceras-kvazartet-u-despotovcu-trubaci-u-paracinu-mina-u-jagodini\/","title":{"rendered":"VE\u010cERAS KVAZARTET U DESPOTOVCU, TRUBA\u010cI U PARA\u0106INU, MINA U JAGODINI"},"content":{"rendered":"<p>Do\u010dek Nove godine tradicionalno se organizuje na trgovima, a kada je re\u010d o \u00a0pomoravskim gradovima u Despotovcu na trgu Despota Stefana ve\u010deras u 22.30 nastupa etno bend Kvazartet, koji predvodi legendarni Dule Resavac, uz tople napitke i vatromet zabava je zagarantovana. <a href=\"https:\/\/centralmedia.rs\/wp-content\/uploads\/2016\/12\/trubaci.jpg\"><img loading=\"lazy\" decoding=\"async\" class=\"alignright size-medium wp-image-6172\" src=\"https:\/\/centralmedia.rs\/wp-content\/uploads\/2016\/12\/trubaci-300x200.jpg\" alt=\"trubaci\" width=\"300\" height=\"200\" srcset=\"https:\/\/centralmedia.rs\/wp-content\/uploads\/2016\/12\/trubaci-300x200.jpg 300w, https:\/\/centralmedia.rs\/wp-content\/uploads\/2016\/12\/trubaci-768x512.jpg 768w, https:\/\/centralmedia.rs\/wp-content\/uploads\/2016\/12\/trubaci.jpg 960w\" sizes=\"(max-width: 300px) 100vw, 300px\" \/><\/a>Do\u010dek na trgu u Para\u0107inu po\u010dinje u 21 sat, a Turustu\u010dka organizacija se potrudila da, pored benda Promili i najboljih truba\u010da isto\u010dne Srbije, po\u010dasti sugra\u0111ane sa volom na ra\u017enju,specijalitetima srpske kuhinje, grejanim napicima. \u00a0U Jagodini nastupa poznata estradna peva\u010dica Mina Kosti\u0107. Sutra je u \u0106upriji koncert Amadeus benda koji po\u010dinje u 22 sata.<\/p>\n<p><em><strong>Pozitivni primeri-Razglednica iz Despotovca \u2013 Projekat se realizuje uz pomo\u0107 sredstava iz bud\u017eeta Op\u0161tine Despotovac<\/strong><\/em><\/p>\n","protected":false},"excerpt":{"rendered":"<p>Do\u010dek Nove godine tradicionalno se organizuje na trgovima, a kada je re\u010d o \u00a0pomoravskim gradovima u Despotovcu na trgu Despota Stefana ve\u010deras u 22.30 nastupa &hellip; <\/p>\n","protected":false},"author":4,"featured_media":6171,"comment_status":"open","ping_status":"open","sticky":false,"template":"","format":"standard","meta":{"footnotes":""},"categories":[1515,1518,1524,2,1514,1516,887],"tags":[44,51,1573,58,156],"_links":{"self":[{"href":"https:\/\/centralmedia.rs\/index.php\/wp-json\/wp\/v2\/posts\/6170"}],"collection":[{"href":"https:\/\/centralmedia.rs\/index.php\/wp-json\/wp\/v2\/posts"}],"about":[{"href":"https:\/\/centralmedia.rs\/index.php\/wp-json\/wp\/v2\/types\/post"}],"author":[{"embeddable":true,"href":"https:\/\/centralmedia.rs\/index.php\/wp-json\/wp\/v2\/users\/4"}],"replies":[{"embeddable":true,"href":"https:\/\/centralmedia.rs\/index.php\/wp-json\/wp\/v2\/comments?post=6170"}],"version-history":[{"count":0,"href":"https:\/\/centralmedia.rs\/index.php\/wp-json\/wp\/v2\/posts\/6170\/revisions"}],"wp:featuredmedia":[{"embeddable":true,"href":"https:\/\/centralmedia.rs\/index.php\/wp-json\/wp\/v2\/media\/6171"}],"wp:attachment":[{"href":"https:\/\/centralmedia.rs\/index.php\/wp-json\/wp\/v2\/media?parent=6170"}],"wp:term":[{"taxonomy":"category","embeddable":true,"href":"https:\/\/centralmedia.rs\/index.php\/wp-json\/wp\/v2\/categories?post=6170"},{"taxonomy":"post_tag","embeddable":true,"href":"https:\/\/centralmedia.rs\/index.php\/wp-json\/wp\/v2\/tags?post=6170"}],"curies":[{"name":"wp","href":"https:\/\/api.w.org\/{rel}","templated":true}]}}