{"id":6219,"date":"2017-01-05T13:54:17","date_gmt":"2017-01-05T13:54:17","guid":{"rendered":"http:\/\/centralmedia.rs\/?p=6219"},"modified":"2017-01-05T13:54:17","modified_gmt":"2017-01-05T13:54:17","slug":"lucic-na-celu-regionalne-komore","status":"publish","type":"post","link":"https:\/\/centralmedia.rs\/index.php\/2017\/01\/05\/lucic-na-celu-regionalne-komore\/","title":{"rendered":"LU\u010cI\u0106 NA \u010cELU REGIONALNE KOMORE"},"content":{"rendered":"<p>KRAGUJEVAC-Predsednik Privredne komore Srbije Marko \u010cade\u017e za vr\u0161ioca du\u017enosti direktora Regionalne privredne komore \u0160umadijskog i Pomoravskog upravnog okruga imenovao Predraga Lu\u010di\u0107a, dosada\u0161njeg predsednika Regionalne privredne komore Kragujevac, saop\u0161teno je danas iz te komore.<br \/>\nNa osnovu Zakona o privrednim komorama, od 2017. godine po\u010dinje funkcionisanje jedinstvenog komorskog sistema Srbije. Regionalna privredna komora Kragujevac od 1. janura posluje kao organizacioni deo Privredne komore Srbije pod nazivom Regionalna privredna komora \u0160umadijskog i Pomoravskog upravnog okruga. Novi propisi predvi\u0111aju da privrednici moarju da pla\u0107aju mese\u010dnu taksu privrednim komorama.<\/p>\n","protected":false},"excerpt":{"rendered":"<p>KRAGUJEVAC-Predsednik Privredne komore Srbije Marko \u010cade\u017e za vr\u0161ioca du\u017enosti direktora Regionalne privredne komore \u0160umadijskog i Pomoravskog upravnog okruga imenovao Predraga Lu\u010di\u0107a, dosada\u0161njeg predsednika Regionalne privredne &hellip; <\/p>\n","protected":false},"author":4,"featured_media":6220,"comment_status":"open","ping_status":"open","sticky":false,"template":"","format":"standard","meta":{"footnotes":""},"categories":[22,2],"tags":[1584,1262,1585],"_links":{"self":[{"href":"https:\/\/centralmedia.rs\/index.php\/wp-json\/wp\/v2\/posts\/6219"}],"collection":[{"href":"https:\/\/centralmedia.rs\/index.php\/wp-json\/wp\/v2\/posts"}],"about":[{"href":"https:\/\/centralmedia.rs\/index.php\/wp-json\/wp\/v2\/types\/post"}],"author":[{"embeddable":true,"href":"https:\/\/centralmedia.rs\/index.php\/wp-json\/wp\/v2\/users\/4"}],"replies":[{"embeddable":true,"href":"https:\/\/centralmedia.rs\/index.php\/wp-json\/wp\/v2\/comments?post=6219"}],"version-history":[{"count":0,"href":"https:\/\/centralmedia.rs\/index.php\/wp-json\/wp\/v2\/posts\/6219\/revisions"}],"wp:featuredmedia":[{"embeddable":true,"href":"https:\/\/centralmedia.rs\/index.php\/wp-json\/wp\/v2\/media\/6220"}],"wp:attachment":[{"href":"https:\/\/centralmedia.rs\/index.php\/wp-json\/wp\/v2\/media?parent=6219"}],"wp:term":[{"taxonomy":"category","embeddable":true,"href":"https:\/\/centralmedia.rs\/index.php\/wp-json\/wp\/v2\/categories?post=6219"},{"taxonomy":"post_tag","embeddable":true,"href":"https:\/\/centralmedia.rs\/index.php\/wp-json\/wp\/v2\/tags?post=6219"}],"curies":[{"name":"wp","href":"https:\/\/api.w.org\/{rel}","templated":true}]}}