{"id":6222,"date":"2016-12-25T13:57:34","date_gmt":"2016-12-25T13:57:34","guid":{"rendered":"http:\/\/centralmedia.rs\/?p=6222"},"modified":"2017-01-16T12:37:17","modified_gmt":"2017-01-16T12:37:17","slug":"gradi-se-novi-dom-za-stara-lica-u-despotovcu","status":"publish","type":"post","link":"https:\/\/centralmedia.rs\/index.php\/2016\/12\/25\/gradi-se-novi-dom-za-stara-lica-u-despotovcu\/","title":{"rendered":"GRADI SE NOVI DOM ZA STARA LICA U DESPOTOVCU"},"content":{"rendered":"<p>DESPOTOVAC-Projekat izgradnje druge faze Doma za stare u Despotovcu, koji vredi oko 700 hiljada evra, po\u010de\u0107e sa realizacijom ove godine, potvrdio je direktor Centra za socijalni rad Radoslav Ra\u010di\u0107. Dom je namenjen za zbrinjavanje 92 korisnika, polovina zavisnih nepokretnih i zavisnih dementnih lica. U objektu bi bilo zaposleno 42 radnika.<br \/>\n-Zavr\u0161en je idejni projekat, koji predvi\u0111a izgradnju 1.425 kvadrata korisne povr\u0161ine po ceni od 500 evra. Naredna faza je izrada gra\u0111evinskog projekta, a zatim dobijanje gra\u0111evinske dozvole i saglasnosti na projekat. Radovi bi trebali da krenu od sredine leta, odmah posle tendera za izbor izvo\u0111a\u010da radova. Op\u0161tina je planirala sredstva u bud\u017eetu za po\u010detak radova, a u toku su razgovori sa resornim ministarstvom oko obezbe\u0111ivanja dodatnih sredstava. Novi kapaciteti namenjeni su za korisnike iz cele Srbiju, a to bi stvorilo uslove da dom funkcioni\u0161e samostalno na tr\u017ei\u0161tu, rekao je Ra\u010di\u0107.<br \/>\nOp\u0161tina je prenela domu zemlji\u0161te sa celokupnom infrastrukturom, od Srbija\u0161uma je dobijena parcela povr\u0161ine 30 ari borove \u0161ume za formiranje parka.<br \/>\n-Radili eleborat o ekonomskoj opravdansoti sagledavaju\u0107i potrebe regiona i Srbije za kategorijama korisnika koje imaju problem sa zbrinjavanjem i sme\u0161tajem.Trenutni kapaciteti doma od 55 korisnika konstantno puni i po desetak korisnika \u010deka mesto, ka\u017ee Ra\u010di\u0107.<br \/>\nPosotje\u0107i objekat bi\u0107e preure\u0111en za korisnike koji \u017eele vi\u0161i nivo usluge, odnosno jednokrevetne sobe i apartmane.<br \/>\n-Bra\u010dni par iz Australije interesuje rezervacija prostora i to bi bile tr\u017ei\u0161ne cene, a ustanova bi bila u potpunosti samofinansiraju\u0107a \u0161to je nam i cilj. Velika je potreba u Srbiji je za zbrinjavanje lica, koja su zbog svoje bolesti li\u0161ena poslovne sposobnosti, zaklju\u010duje Ra\u010di\u0107.<br \/>\nPredhodni projekat doma u Despotovcu ko\u0161tao je bud\u017eet Srbije oko 3,5 miliona evra.<\/p>\n<p><em><strong>Pozitivni primeri-Razglednica iz Despotovca \u2013 Projekat se realizuje uz pomo\u0107 sredstava iz bud\u017eeta Op\u0161tine Despotovac<\/strong><\/em><\/p>\n","protected":false},"excerpt":{"rendered":"<p>DESPOTOVAC-Projekat izgradnje druge faze Doma za stare u Despotovcu, koji vredi oko 700 hiljada evra, po\u010de\u0107e sa realizacijom ove godine, potvrdio je direktor Centra za &hellip; <\/p>\n","protected":false},"author":4,"featured_media":6223,"comment_status":"open","ping_status":"open","sticky":false,"template":"","format":"standard","meta":{"footnotes":""},"categories":[1518,1524,2,887],"tags":[51,1586,1587],"_links":{"self":[{"href":"https:\/\/centralmedia.rs\/index.php\/wp-json\/wp\/v2\/posts\/6222"}],"collection":[{"href":"https:\/\/centralmedia.rs\/index.php\/wp-json\/wp\/v2\/posts"}],"about":[{"href":"https:\/\/centralmedia.rs\/index.php\/wp-json\/wp\/v2\/types\/post"}],"author":[{"embeddable":true,"href":"https:\/\/centralmedia.rs\/index.php\/wp-json\/wp\/v2\/users\/4"}],"replies":[{"embeddable":true,"href":"https:\/\/centralmedia.rs\/index.php\/wp-json\/wp\/v2\/comments?post=6222"}],"version-history":[{"count":0,"href":"https:\/\/centralmedia.rs\/index.php\/wp-json\/wp\/v2\/posts\/6222\/revisions"}],"wp:featuredmedia":[{"embeddable":true,"href":"https:\/\/centralmedia.rs\/index.php\/wp-json\/wp\/v2\/media\/6223"}],"wp:attachment":[{"href":"https:\/\/centralmedia.rs\/index.php\/wp-json\/wp\/v2\/media?parent=6222"}],"wp:term":[{"taxonomy":"category","embeddable":true,"href":"https:\/\/centralmedia.rs\/index.php\/wp-json\/wp\/v2\/categories?post=6222"},{"taxonomy":"post_tag","embeddable":true,"href":"https:\/\/centralmedia.rs\/index.php\/wp-json\/wp\/v2\/tags?post=6222"}],"curies":[{"name":"wp","href":"https:\/\/api.w.org\/{rel}","templated":true}]}}