{"id":6253,"date":"2016-12-23T10:33:51","date_gmt":"2016-12-23T10:33:51","guid":{"rendered":"http:\/\/centralmedia.rs\/?p=6253"},"modified":"2017-01-09T10:35:05","modified_gmt":"2017-01-09T10:35:05","slug":"rusko-srpski-odred-deminera-u-paracinu-razminirali-660-hiljada-kvadrata","status":"publish","type":"post","link":"https:\/\/centralmedia.rs\/index.php\/2016\/12\/23\/rusko-srpski-odred-deminera-u-paracinu-razminirali-660-hiljada-kvadrata\/","title":{"rendered":"RUSKO-SRPSKI ODRED DEMINERA U PARA\u0106INU &#8211; RAZMINIRALI 660 HILJADA KVADRATA"},"content":{"rendered":"<p>PARA\u0106IN-Rusko-srpski odred deminera na lokaciji para\u0107inskih Utrina, u bilizini nekada\u0161njeg vojnog skladi\u0161ta koje je eksplodrialo 2006 godine, obavio razminiranje na povr\u0161ini od\u00a0 660 hiljada kvadrata u okviru projekta Para\u0107in 8. Ovo je najve\u0107i projekat u proteklih osam godina, prona\u0111eno je i uni\u0161teno 91 neeksplodirano sredstvo. Do sada je o\u010di\u0161\u0107eno 4 miliona kvadarata, prona\u0111eno i uni\u0161teno 12.000 neeksplodiranih sredstava. U 2017 godini projekat \u010di\u0161\u0107enja planiran je na 770 hiljada kvadrata, \u00a0finansijer projekta je Vlada Ruske Federacije.<\/p>\n<div id='gallery-1' class='gallery galleryid-6253 gallery-columns-3 gallery-size-thumbnail'><figure class='gallery-item'>\n\t\t\t<div class='gallery-icon landscape'>\n\t\t\t\t<a href='https:\/\/centralmedia.rs\/index.php\/2016\/12\/23\/rusko-srpski-odred-deminera-u-paracinu-razminirali-660-hiljada-kvadrata\/img_12\/'><img loading=\"lazy\" decoding=\"async\" width=\"150\" height=\"150\" src=\"https:\/\/centralmedia.rs\/wp-content\/uploads\/2017\/01\/img_12-150x150.jpg\" class=\"attachment-thumbnail size-thumbnail\" alt=\"\" \/><\/a>\n\t\t\t<\/div><\/figure><figure class='gallery-item'>\n\t\t\t<div class='gallery-icon landscape'>\n\t\t\t\t<a href='https:\/\/centralmedia.rs\/index.php\/2016\/12\/23\/rusko-srpski-odred-deminera-u-paracinu-razminirali-660-hiljada-kvadrata\/img_10\/'><img loading=\"lazy\" decoding=\"async\" width=\"150\" height=\"150\" src=\"https:\/\/centralmedia.rs\/wp-content\/uploads\/2017\/01\/img_10-150x150.jpg\" class=\"attachment-thumbnail size-thumbnail\" alt=\"\" \/><\/a>\n\t\t\t<\/div><\/figure><figure class='gallery-item'>\n\t\t\t<div class='gallery-icon landscape'>\n\t\t\t\t<a href='https:\/\/centralmedia.rs\/index.php\/2016\/12\/23\/rusko-srpski-odred-deminera-u-paracinu-razminirali-660-hiljada-kvadrata\/img_08\/'><img loading=\"lazy\" decoding=\"async\" width=\"150\" height=\"150\" src=\"https:\/\/centralmedia.rs\/wp-content\/uploads\/2017\/01\/img_08-150x150.jpg\" class=\"attachment-thumbnail size-thumbnail\" alt=\"\" \/><\/a>\n\t\t\t<\/div><\/figure>\n\t\t<\/div>\n\n<p>Rukovodilac projekta Bogdan Pilip\u010duk ka\u017ee da se teren \u010disti do dubine od 50 santimetra, a zatim se vr\u0161e identifikacija i uni\u0161tavanje.<\/p>\n<div id='gallery-2' class='gallery galleryid-6253 gallery-columns-3 gallery-size-thumbnail'><figure class='gallery-item'>\n\t\t\t<div class='gallery-icon landscape'>\n\t\t\t\t<a href='https:\/\/centralmedia.rs\/index.php\/2016\/12\/23\/rusko-srpski-odred-deminera-u-paracinu-razminirali-660-hiljada-kvadrata\/img_07\/'><img loading=\"lazy\" decoding=\"async\" width=\"150\" height=\"150\" src=\"https:\/\/centralmedia.rs\/wp-content\/uploads\/2017\/01\/img_07-150x150.jpg\" class=\"attachment-thumbnail size-thumbnail\" alt=\"\" \/><\/a>\n\t\t\t<\/div><\/figure><figure class='gallery-item'>\n\t\t\t<div class='gallery-icon landscape'>\n\t\t\t\t<a href='https:\/\/centralmedia.rs\/index.php\/2016\/12\/23\/rusko-srpski-odred-deminera-u-paracinu-razminirali-660-hiljada-kvadrata\/img_06\/'><img loading=\"lazy\" decoding=\"async\" width=\"150\" height=\"150\" src=\"https:\/\/centralmedia.rs\/wp-content\/uploads\/2017\/01\/img_06-150x150.jpg\" class=\"attachment-thumbnail size-thumbnail\" alt=\"\" \/><\/a>\n\t\t\t<\/div><\/figure><figure class='gallery-item'>\n\t\t\t<div class='gallery-icon landscape'>\n\t\t\t\t<a href='https:\/\/centralmedia.rs\/index.php\/2016\/12\/23\/rusko-srpski-odred-deminera-u-paracinu-razminirali-660-hiljada-kvadrata\/img_05\/'><img loading=\"lazy\" decoding=\"async\" width=\"150\" height=\"150\" src=\"https:\/\/centralmedia.rs\/wp-content\/uploads\/2017\/01\/img_05-150x150.jpg\" class=\"attachment-thumbnail size-thumbnail\" alt=\"\" \/><\/a>\n\t\t\t<\/div><\/figure>\n\t\t<\/div>\n\n<p>-Ve\u0107inu ubojnih sredstava \u010dinile su minobaca\u010dke mine i artiljerijske granate. Razmatrali smo pitanja daljeg zajedni\u010dkog rada u 2017. godini, u okviru projekta \u201e\u0106uprija 1\u201c, jer je jedan projekat zavr\u0161en, ali mina je u tom rejonu jo\u0161 mnogo, rekao je Pilip\u010duk.<\/p>\n","protected":false},"excerpt":{"rendered":"<p>PARA\u0106IN-Rusko-srpski odred deminera na lokaciji para\u0107inskih Utrina, u bilizini nekada\u0161njeg vojnog skladi\u0161ta koje je eksplodrialo 2006 godine, obavio razminiranje na povr\u0161ini od\u00a0 660 hiljada kvadrata &hellip; <\/p>\n","protected":false},"author":4,"featured_media":6254,"comment_status":"open","ping_status":"open","sticky":false,"template":"","format":"standard","meta":{"footnotes":""},"categories":[1524,1516,887],"tags":[1043,156],"_links":{"self":[{"href":"https:\/\/centralmedia.rs\/index.php\/wp-json\/wp\/v2\/posts\/6253"}],"collection":[{"href":"https:\/\/centralmedia.rs\/index.php\/wp-json\/wp\/v2\/posts"}],"about":[{"href":"https:\/\/centralmedia.rs\/index.php\/wp-json\/wp\/v2\/types\/post"}],"author":[{"embeddable":true,"href":"https:\/\/centralmedia.rs\/index.php\/wp-json\/wp\/v2\/users\/4"}],"replies":[{"embeddable":true,"href":"https:\/\/centralmedia.rs\/index.php\/wp-json\/wp\/v2\/comments?post=6253"}],"version-history":[{"count":0,"href":"https:\/\/centralmedia.rs\/index.php\/wp-json\/wp\/v2\/posts\/6253\/revisions"}],"wp:featuredmedia":[{"embeddable":true,"href":"https:\/\/centralmedia.rs\/index.php\/wp-json\/wp\/v2\/media\/6254"}],"wp:attachment":[{"href":"https:\/\/centralmedia.rs\/index.php\/wp-json\/wp\/v2\/media?parent=6253"}],"wp:term":[{"taxonomy":"category","embeddable":true,"href":"https:\/\/centralmedia.rs\/index.php\/wp-json\/wp\/v2\/categories?post=6253"},{"taxonomy":"post_tag","embeddable":true,"href":"https:\/\/centralmedia.rs\/index.php\/wp-json\/wp\/v2\/tags?post=6253"}],"curies":[{"name":"wp","href":"https:\/\/api.w.org\/{rel}","templated":true}]}}