{"id":6292,"date":"2016-09-26T01:45:59","date_gmt":"2016-09-26T01:45:59","guid":{"rendered":"http:\/\/centralmedia.rs\/?p=6292"},"modified":"2017-01-10T01:46:37","modified_gmt":"2017-01-10T01:46:37","slug":"kostresov-zlatni-kotlic","status":"publish","type":"post","link":"https:\/\/centralmedia.rs\/index.php\/2016\/09\/26\/kostresov-zlatni-kotlic\/","title":{"rendered":"KOSTRE\u0160OV ZLATNI KOTLI\u0106"},"content":{"rendered":"<p>\u0106I\u0106EVAC-Tradicionalni ,,Zlatni kotli\u0107\u201c USR Kostre\u0161 iz \u0106i\u0107evca okupio je tridesetak ekipa iz celog regiona.<\/p>\n<div id='gallery-1' class='gallery galleryid-6292 gallery-columns-3 gallery-size-thumbnail'><figure class='gallery-item'>\n\t\t\t<div class='gallery-icon landscape'>\n\t\t\t\t<a href='https:\/\/centralmedia.rs\/index.php\/2016\/09\/26\/kostresov-zlatni-kotlic\/kotlic\/'><img loading=\"lazy\" decoding=\"async\" width=\"150\" height=\"150\" src=\"https:\/\/centralmedia.rs\/wp-content\/uploads\/2017\/01\/kotlic-150x150.jpg\" class=\"attachment-thumbnail size-thumbnail\" alt=\"\" \/><\/a>\n\t\t\t<\/div><\/figure><figure class='gallery-item'>\n\t\t\t<div class='gallery-icon landscape'>\n\t\t\t\t<a href='https:\/\/centralmedia.rs\/index.php\/2016\/09\/26\/kostresov-zlatni-kotlic\/trnjani-2-mesto\/'><img loading=\"lazy\" decoding=\"async\" width=\"150\" height=\"150\" src=\"https:\/\/centralmedia.rs\/wp-content\/uploads\/2017\/01\/trnjani-2-mesto-150x150.jpg\" class=\"attachment-thumbnail size-thumbnail\" alt=\"\" \/><\/a>\n\t\t\t<\/div><\/figure><figure class='gallery-item'>\n\t\t\t<div class='gallery-icon landscape'>\n\t\t\t\t<a href='https:\/\/centralmedia.rs\/index.php\/2016\/09\/26\/kostresov-zlatni-kotlic\/zahvalnica-braca-blagojevic\/'><img loading=\"lazy\" decoding=\"async\" width=\"150\" height=\"150\" src=\"https:\/\/centralmedia.rs\/wp-content\/uploads\/2017\/01\/zahvalnica-braca-blagojevic-150x150.jpg\" class=\"attachment-thumbnail size-thumbnail\" alt=\"\" \/><\/a>\n\t\t\t<\/div><\/figure>\n\t\t<\/div>\n\n<p>-Zlatni kotli\u0107 je tema oko koje se okupljamo, a cilj je dru\u017eenje. Ovde su se okupili prijatelji, a to se vidi po svemu \u0161to je prire\u0111eno, rekao je predsednik op\u0161tine \u0106i\u0107evac Zlatan Krki\u0107.<\/p>\n<div id='gallery-2' class='gallery galleryid-6292 gallery-columns-5 gallery-size-thumbnail'><figure class='gallery-item'>\n\t\t\t<div class='gallery-icon landscape'>\n\t\t\t\t<a href='https:\/\/centralmedia.rs\/index.php\/2016\/09\/26\/kostresov-zlatni-kotlic\/30-kotlica\/'><img loading=\"lazy\" decoding=\"async\" width=\"150\" height=\"150\" src=\"https:\/\/centralmedia.rs\/wp-content\/uploads\/2017\/01\/30-kotlica-150x150.jpg\" class=\"attachment-thumbnail size-thumbnail\" alt=\"\" \/><\/a>\n\t\t\t<\/div><\/figure><figure class='gallery-item'>\n\t\t\t<div class='gallery-icon landscape'>\n\t\t\t\t<a href='https:\/\/centralmedia.rs\/index.php\/2016\/09\/26\/kostresov-zlatni-kotlic\/deliligirice-narodu-besplatno\/'><img loading=\"lazy\" decoding=\"async\" width=\"150\" height=\"150\" src=\"https:\/\/centralmedia.rs\/wp-content\/uploads\/2017\/01\/deliligirice-narodu-besplatno-150x150.jpg\" class=\"attachment-thumbnail size-thumbnail\" alt=\"\" \/><\/a>\n\t\t\t<\/div><\/figure><figure class='gallery-item'>\n\t\t\t<div class='gallery-icon landscape'>\n\t\t\t\t<a href='https:\/\/centralmedia.rs\/index.php\/2016\/09\/26\/kostresov-zlatni-kotlic\/takmicar-u-anrodoj-nosnji\/'><img loading=\"lazy\" decoding=\"async\" width=\"150\" height=\"150\" src=\"https:\/\/centralmedia.rs\/wp-content\/uploads\/2017\/01\/takmicar-u-anrodoj-nosnji-150x150.jpg\" class=\"attachment-thumbnail size-thumbnail\" alt=\"\" \/><\/a>\n\t\t\t<\/div><\/figure><figure class='gallery-item'>\n\t\t\t<div class='gallery-icon landscape'>\n\t\t\t\t<a href='https:\/\/centralmedia.rs\/index.php\/2016\/09\/26\/kostresov-zlatni-kotlic\/najmanji-kotlic\/'><img loading=\"lazy\" decoding=\"async\" width=\"150\" height=\"150\" src=\"https:\/\/centralmedia.rs\/wp-content\/uploads\/2017\/01\/najmanji-kotlic-150x150.jpg\" class=\"attachment-thumbnail size-thumbnail\" alt=\"\" \/><\/a>\n\t\t\t<\/div><\/figure><figure class='gallery-item'>\n\t\t\t<div class='gallery-icon landscape'>\n\t\t\t\t<a href='https:\/\/centralmedia.rs\/index.php\/2016\/09\/26\/kostresov-zlatni-kotlic\/zestoka-borba\/'><img loading=\"lazy\" decoding=\"async\" width=\"150\" height=\"150\" src=\"https:\/\/centralmedia.rs\/wp-content\/uploads\/2017\/01\/zestoka-borba-150x150.jpg\" class=\"attachment-thumbnail size-thumbnail\" alt=\"\" \/><\/a>\n\t\t\t<\/div><\/figure>\n\t\t<\/div>\n\n<p>Najbolje riblje \u010dorbe dobile priznanja, a gra\u0111ani su bili u prilici da probaju i druge \u0111akonije koje su u\u010desnici besplatno pripremali.<\/p>\n","protected":false},"excerpt":{"rendered":"<p>\u0106I\u0106EVAC-Tradicionalni ,,Zlatni kotli\u0107\u201c USR Kostre\u0161 iz \u0106i\u0107evca okupio je tridesetak ekipa iz celog regiona. -Zlatni kotli\u0107 je tema oko koje se okupljamo, a cilj je &hellip; <\/p>\n","protected":false},"author":4,"featured_media":6293,"comment_status":"open","ping_status":"open","sticky":false,"template":"","format":"standard","meta":{"footnotes":""},"categories":[1521,1524,887],"tags":[667,1600,1601],"_links":{"self":[{"href":"https:\/\/centralmedia.rs\/index.php\/wp-json\/wp\/v2\/posts\/6292"}],"collection":[{"href":"https:\/\/centralmedia.rs\/index.php\/wp-json\/wp\/v2\/posts"}],"about":[{"href":"https:\/\/centralmedia.rs\/index.php\/wp-json\/wp\/v2\/types\/post"}],"author":[{"embeddable":true,"href":"https:\/\/centralmedia.rs\/index.php\/wp-json\/wp\/v2\/users\/4"}],"replies":[{"embeddable":true,"href":"https:\/\/centralmedia.rs\/index.php\/wp-json\/wp\/v2\/comments?post=6292"}],"version-history":[{"count":0,"href":"https:\/\/centralmedia.rs\/index.php\/wp-json\/wp\/v2\/posts\/6292\/revisions"}],"wp:featuredmedia":[{"embeddable":true,"href":"https:\/\/centralmedia.rs\/index.php\/wp-json\/wp\/v2\/media\/6293"}],"wp:attachment":[{"href":"https:\/\/centralmedia.rs\/index.php\/wp-json\/wp\/v2\/media?parent=6292"}],"wp:term":[{"taxonomy":"category","embeddable":true,"href":"https:\/\/centralmedia.rs\/index.php\/wp-json\/wp\/v2\/categories?post=6292"},{"taxonomy":"post_tag","embeddable":true,"href":"https:\/\/centralmedia.rs\/index.php\/wp-json\/wp\/v2\/tags?post=6292"}],"curies":[{"name":"wp","href":"https:\/\/api.w.org\/{rel}","templated":true}]}}