{"id":6337,"date":"2017-01-10T21:55:14","date_gmt":"2017-01-10T21:55:14","guid":{"rendered":"http:\/\/centralmedia.rs\/?p=6337"},"modified":"2017-01-10T21:55:52","modified_gmt":"2017-01-10T21:55:52","slug":"vanredna-odbrana-od-leda-na-velikoj-moravi","status":"publish","type":"post","link":"https:\/\/centralmedia.rs\/index.php\/2017\/01\/10\/vanredna-odbrana-od-leda-na-velikoj-moravi\/","title":{"rendered":"VANREDNA ODBRANA OD LEDA NA VELIKOJ MORAVI"},"content":{"rendered":"<p>Javno preduze\u0107e Srbija vode danas su proglasile vanrednu odbranu od leda na Velikoj Moravi, na sektorima\u00a0 SVILAJNAC-DESPOTOVAC- JAGODINA i \u0106UPRIJA-PARA\u0106IN-\u0106I\u0106EVAC.<\/p>\n<div id='gallery-1' class='gallery galleryid-6337 gallery-columns-5 gallery-size-thumbnail'><figure class='gallery-item'>\n\t\t\t<div class='gallery-icon landscape'>\n\t\t\t\t<a href='https:\/\/centralmedia.rs\/index.php\/2017\/01\/10\/vanredna-odbrana-od-leda-na-velikoj-moravi\/morava-kod-glovakog-mosta-2-jagodina-ivan-jaksic\/'><img loading=\"lazy\" decoding=\"async\" width=\"150\" height=\"150\" src=\"https:\/\/centralmedia.rs\/wp-content\/uploads\/2017\/01\/morava-kod-glovakog-mosta-2-jagodina-ivan-jaksic-150x150.jpg\" class=\"attachment-thumbnail size-thumbnail\" alt=\"\" \/><\/a>\n\t\t\t<\/div><\/figure><figure class='gallery-item'>\n\t\t\t<div class='gallery-icon landscape'>\n\t\t\t\t<a href='https:\/\/centralmedia.rs\/index.php\/2017\/01\/10\/vanredna-odbrana-od-leda-na-velikoj-moravi\/morava-kod-glovakog-mosta-5-jagodina-ivan-jaksic\/'><img loading=\"lazy\" decoding=\"async\" width=\"150\" height=\"150\" src=\"https:\/\/centralmedia.rs\/wp-content\/uploads\/2017\/01\/morava-kod-glovakog-mosta-5-jagodina-ivan-jaksic-150x150.jpg\" class=\"attachment-thumbnail size-thumbnail\" alt=\"\" \/><\/a>\n\t\t\t<\/div><\/figure><figure class='gallery-item'>\n\t\t\t<div class='gallery-icon landscape'>\n\t\t\t\t<a href='https:\/\/centralmedia.rs\/index.php\/2017\/01\/10\/vanredna-odbrana-od-leda-na-velikoj-moravi\/morava-kod-glovakog-mosta-jagodina-ivan-jaksic\/'><img loading=\"lazy\" decoding=\"async\" width=\"150\" height=\"150\" src=\"https:\/\/centralmedia.rs\/wp-content\/uploads\/2017\/01\/morava-kod-glovakog-mosta-jagodina-ivan-jaksic-150x150.jpg\" class=\"attachment-thumbnail size-thumbnail\" alt=\"\" \/><\/a>\n\t\t\t<\/div><\/figure><figure class='gallery-item'>\n\t\t\t<div class='gallery-icon landscape'>\n\t\t\t\t<a href='https:\/\/centralmedia.rs\/index.php\/2017\/01\/10\/vanredna-odbrana-od-leda-na-velikoj-moravi\/morava-kod-glovakog-mosta-2-jagodina-ivan-jaksic-2\/'><img loading=\"lazy\" decoding=\"async\" width=\"150\" height=\"150\" src=\"https:\/\/centralmedia.rs\/wp-content\/uploads\/2017\/01\/morava-kod-glovakog-mosta-2-jagodina-ivan-jaksic-1-150x150.jpg\" class=\"attachment-thumbnail size-thumbnail\" alt=\"\" \/><\/a>\n\t\t\t<\/div><\/figure><figure class='gallery-item'>\n\t\t\t<div class='gallery-icon landscape'>\n\t\t\t\t<a href='https:\/\/centralmedia.rs\/index.php\/2017\/01\/10\/vanredna-odbrana-od-leda-na-velikoj-moravi\/morava-kod-glovakog-mosta-3-jagodina-ivan-jaksic\/'><img loading=\"lazy\" decoding=\"async\" width=\"150\" height=\"150\" src=\"https:\/\/centralmedia.rs\/wp-content\/uploads\/2017\/01\/morava-kod-glovakog-mosta-3-jagodina-ivan-jaksic-150x150.jpg\" class=\"attachment-thumbnail size-thumbnail\" alt=\"\" \/><\/a>\n\t\t\t<\/div><\/figure>\n\t\t<\/div>\n\n<p>Pri ledostaju, pokrivenosti vodnog ogledala od 60 \u2013 100 odsto kod mosta na reci Velikoj Moravi, kod sela Ribara u blizini Jagodine.\u00a0 Vodoprivrednom preduze\u0107u \u201e\u0106UPRIJA\u201c \u00a0iz \u0106uprije je nalo\u017eeno da obezbedi dvadeset\u010detvoro\u010dasovno\u00a0 de\u017eerustvo rukovode\u0107eg osoblja i \u010duvarske slu\u017ebe, kao i preduzimanje svih neophodnih mera u skladu sa Op\u0161tim i Operativnim planom odbrane od poplava.<\/p>\n<p>FOTO :IVAN JAK\u0160I\u0106<\/p>\n","protected":false},"excerpt":{"rendered":"<p>Javno preduze\u0107e Srbija vode danas su proglasile vanrednu odbranu od leda na Velikoj Moravi, na sektorima\u00a0 SVILAJNAC-DESPOTOVAC- JAGODINA i \u0106UPRIJA-PARA\u0106IN-\u0106I\u0106EVAC. Pri ledostaju, pokrivenosti vodnog ogledala &hellip; <\/p>\n","protected":false},"author":4,"featured_media":6338,"comment_status":"open","ping_status":"open","sticky":false,"template":"","format":"standard","meta":{"footnotes":""},"categories":[2,16,12],"tags":[433,1607,1608],"_links":{"self":[{"href":"https:\/\/centralmedia.rs\/index.php\/wp-json\/wp\/v2\/posts\/6337"}],"collection":[{"href":"https:\/\/centralmedia.rs\/index.php\/wp-json\/wp\/v2\/posts"}],"about":[{"href":"https:\/\/centralmedia.rs\/index.php\/wp-json\/wp\/v2\/types\/post"}],"author":[{"embeddable":true,"href":"https:\/\/centralmedia.rs\/index.php\/wp-json\/wp\/v2\/users\/4"}],"replies":[{"embeddable":true,"href":"https:\/\/centralmedia.rs\/index.php\/wp-json\/wp\/v2\/comments?post=6337"}],"version-history":[{"count":0,"href":"https:\/\/centralmedia.rs\/index.php\/wp-json\/wp\/v2\/posts\/6337\/revisions"}],"wp:featuredmedia":[{"embeddable":true,"href":"https:\/\/centralmedia.rs\/index.php\/wp-json\/wp\/v2\/media\/6338"}],"wp:attachment":[{"href":"https:\/\/centralmedia.rs\/index.php\/wp-json\/wp\/v2\/media?parent=6337"}],"wp:term":[{"taxonomy":"category","embeddable":true,"href":"https:\/\/centralmedia.rs\/index.php\/wp-json\/wp\/v2\/categories?post=6337"},{"taxonomy":"post_tag","embeddable":true,"href":"https:\/\/centralmedia.rs\/index.php\/wp-json\/wp\/v2\/tags?post=6337"}],"curies":[{"name":"wp","href":"https:\/\/api.w.org\/{rel}","templated":true}]}}