{"id":6362,"date":"2016-08-29T10:23:50","date_gmt":"2016-08-29T10:23:50","guid":{"rendered":"http:\/\/centralmedia.rs\/?p=6362"},"modified":"2017-01-12T10:29:26","modified_gmt":"2017-01-12T10:29:26","slug":"fiharmonija-zagrmela-trubama-svi-se-grlili-skakali-u-paracinu","status":"publish","type":"post","link":"https:\/\/centralmedia.rs\/index.php\/2016\/08\/29\/fiharmonija-zagrmela-trubama-svi-se-grlili-skakali-u-paracinu\/","title":{"rendered":"FIHARMONIJA ZAGRMELA TRUBAMA, SVI SE GRLILI I SKAKALI U PARA\u0106INU"},"content":{"rendered":"<p>PARA\u0106IN-U saradnji sa Gr\u010dkom ambasadom, Filharmonijski orkestar Amfilohija nastupio je u op\u0161tini Para\u0107in 29. avgusta.Gr\u010dka filharmonija\u00a0priredila je pravi praznik za o\u010di i u\u0161i stotinama Para\u0107inaca. Kad su zagrmelitrubama, svi su se\u00a0zagrlili\u00a0i poskakali\u2026<\/p>\n<div id='gallery-1' class='gallery galleryid-6362 gallery-columns-4 gallery-size-thumbnail'><figure class='gallery-item'>\n\t\t\t<div class='gallery-icon landscape'>\n\t\t\t\t<a href='https:\/\/centralmedia.rs\/index.php\/2016\/08\/29\/fiharmonija-zagrmela-trubama-svi-se-grlili-skakali-u-paracinu\/amfilohi\/'><img loading=\"lazy\" decoding=\"async\" width=\"150\" height=\"150\" src=\"https:\/\/centralmedia.rs\/wp-content\/uploads\/2017\/01\/amfilohi-150x150.jpg\" class=\"attachment-thumbnail size-thumbnail\" alt=\"\" \/><\/a>\n\t\t\t<\/div><\/figure><figure class='gallery-item'>\n\t\t\t<div class='gallery-icon landscape'>\n\t\t\t\t<a href='https:\/\/centralmedia.rs\/index.php\/2016\/08\/29\/fiharmonija-zagrmela-trubama-svi-se-grlili-skakali-u-paracinu\/amfilohi-2\/'><img loading=\"lazy\" decoding=\"async\" width=\"150\" height=\"150\" src=\"https:\/\/centralmedia.rs\/wp-content\/uploads\/2017\/01\/amfilohi-2-150x150.jpg\" class=\"attachment-thumbnail size-thumbnail\" alt=\"\" \/><\/a>\n\t\t\t<\/div><\/figure><figure class='gallery-item'>\n\t\t\t<div class='gallery-icon landscape'>\n\t\t\t\t<a href='https:\/\/centralmedia.rs\/index.php\/2016\/08\/29\/fiharmonija-zagrmela-trubama-svi-se-grlili-skakali-u-paracinu\/amfilohi-3\/'><img loading=\"lazy\" decoding=\"async\" width=\"150\" height=\"150\" src=\"https:\/\/centralmedia.rs\/wp-content\/uploads\/2017\/01\/amfilohi-3-150x150.jpg\" class=\"attachment-thumbnail size-thumbnail\" alt=\"\" \/><\/a>\n\t\t\t<\/div><\/figure><figure class='gallery-item'>\n\t\t\t<div class='gallery-icon landscape'>\n\t\t\t\t<a href='https:\/\/centralmedia.rs\/index.php\/2016\/08\/29\/fiharmonija-zagrmela-trubama-svi-se-grlili-skakali-u-paracinu\/amfilohi-4\/'><img loading=\"lazy\" decoding=\"async\" width=\"150\" height=\"150\" src=\"https:\/\/centralmedia.rs\/wp-content\/uploads\/2017\/01\/amfilohi-4-150x150.jpg\" class=\"attachment-thumbnail size-thumbnail\" alt=\"\" \/><\/a>\n\t\t\t<\/div><\/figure>\n\t\t<\/div>\n\n<p>Naime, u saradnji sa Gr\u010dkom ambasadom Filharmonijski orkestar Amfilohija nastupio je u op\u0161tini\u00a0Para\u0107in 29.\u00a0avgusta.<\/p>\n<p>Koncert su organizovale ambasada Gr\u010dke u Beogradu i Turisti\u010dka organizacija op\u0161tine Para\u0107in.<\/p>\n<p>&nbsp;<\/p>\n","protected":false},"excerpt":{"rendered":"<p>PARA\u0106IN-U saradnji sa Gr\u010dkom ambasadom, Filharmonijski orkestar Amfilohija nastupio je u op\u0161tini Para\u0107in 29. avgusta.Gr\u010dka filharmonija\u00a0priredila je pravi praznik za o\u010di i u\u0161i stotinama Para\u0107inaca. &hellip; <\/p>\n","protected":false},"author":4,"featured_media":6363,"comment_status":"open","ping_status":"open","sticky":false,"template":"","format":"standard","meta":{"footnotes":""},"categories":[1524,1516,887],"tags":[1612,1611,156],"_links":{"self":[{"href":"https:\/\/centralmedia.rs\/index.php\/wp-json\/wp\/v2\/posts\/6362"}],"collection":[{"href":"https:\/\/centralmedia.rs\/index.php\/wp-json\/wp\/v2\/posts"}],"about":[{"href":"https:\/\/centralmedia.rs\/index.php\/wp-json\/wp\/v2\/types\/post"}],"author":[{"embeddable":true,"href":"https:\/\/centralmedia.rs\/index.php\/wp-json\/wp\/v2\/users\/4"}],"replies":[{"embeddable":true,"href":"https:\/\/centralmedia.rs\/index.php\/wp-json\/wp\/v2\/comments?post=6362"}],"version-history":[{"count":0,"href":"https:\/\/centralmedia.rs\/index.php\/wp-json\/wp\/v2\/posts\/6362\/revisions"}],"wp:featuredmedia":[{"embeddable":true,"href":"https:\/\/centralmedia.rs\/index.php\/wp-json\/wp\/v2\/media\/6363"}],"wp:attachment":[{"href":"https:\/\/centralmedia.rs\/index.php\/wp-json\/wp\/v2\/media?parent=6362"}],"wp:term":[{"taxonomy":"category","embeddable":true,"href":"https:\/\/centralmedia.rs\/index.php\/wp-json\/wp\/v2\/categories?post=6362"},{"taxonomy":"post_tag","embeddable":true,"href":"https:\/\/centralmedia.rs\/index.php\/wp-json\/wp\/v2\/tags?post=6362"}],"curies":[{"name":"wp","href":"https:\/\/api.w.org\/{rel}","templated":true}]}}