{"id":639,"date":"2015-10-16T23:10:21","date_gmt":"2015-10-16T23:10:21","guid":{"rendered":"http:\/\/centralmedia.rs\/?p=639"},"modified":"2015-10-16T23:32:26","modified_gmt":"2015-10-16T23:32:26","slug":"nasilnik-bi-da-oduzme-starateljstvo-od-bivse-supruge","status":"publish","type":"post","link":"https:\/\/centralmedia.rs\/index.php\/2015\/10\/16\/nasilnik-bi-da-oduzme-starateljstvo-od-bivse-supruge\/","title":{"rendered":"NASILNIK BI DA ODUZME STARATELJSTVO BIV\u0160OJ SUPRUZI"},"content":{"rendered":"<p>MAJKA RAZDVOJENA OD BEBE TRI GODINE<br \/>\nDESPOTOVAC-\u017darko Aleksi\u0107 (31) iz Bliznaka kod \u017dagubice, i pored pravnosna\u017ene presude, ve\u0107 tri godine krije sina Andreja (4) od sudskih izvr\u0161itelja i socijalnih radnika, a nedavno je protiv biv\u0161e supruge Sanele (24) iz Despotovca, jedinog staratelja, pokrenuo je postupak za oduzimanje starateljstva. Zato se Sanela posle tri godine bezuspe\u0161ne borbe po sudovima i centrima za socijalni rad za povratak svog sina  obratila pismom na vi\u0161e adresa dr\u017eavnih organa, ministrima i nezavisnim dr\u017eavnim institucijama. Sud je poku\u0161ao desetak izvr\u0161enja, ali bez uspeha, dete nikad nije bilo kod \u017darkove ku\u0107e, a zbog ne \u010dinjenja u ovom slu\u010daju Osnovni sud i Centar za socijalni rad se me\u0111usobno optu\u017euju i prebacuju odgovornost.<br \/>\n\t<a href=\"https:\/\/centralmedia.rs\/wp-content\/uploads\/2015\/10\/sanela-i-andrej-2.jpg\"><img loading=\"lazy\" decoding=\"async\" src=\"https:\/\/centralmedia.rs\/wp-content\/uploads\/2015\/10\/sanela-i-andrej-2.jpg\" alt=\"sanela i andrej 2\" width=\"720\" height=\"960\" class=\"alignnone size-full wp-image-642\" srcset=\"https:\/\/centralmedia.rs\/wp-content\/uploads\/2015\/10\/sanela-i-andrej-2.jpg 720w, https:\/\/centralmedia.rs\/wp-content\/uploads\/2015\/10\/sanela-i-andrej-2-225x300.jpg 225w\" sizes=\"(max-width: 720px) 100vw, 720px\" \/><\/a><br \/>\n&#8211; Imam opravdanu sumnju da Osnovni sud i Centar za socijalni rad u \u017dagubici  koji nesprovo\u0111enjem pravosna\u017ene sudske odluke  sve \u010dine  da dete ne bude kod mene, ve\u0107 da ostane kod mog biv\u0161eg mu\u017ea. Posle skoro tri godine moj biv\u0161i mu\u017e podnosi zahtev da se meni oduzme starateljstvo nad Andrejom na osnovu \u010dinjenice da se dete ,,naviklo na njega&#8221;. Centar za socijalni rad daje pozitivno mi\u0161ljenje o tom predlogu, i pored toga \u0161to me je tukao,skrivao dete, nije postupao po pravosna\u017enoj presudi tri godine, zbog \u010dega je ka\u017enjen zatvorskom kaznom od dva meseca, kao i \u0161to mi nije dozvoljavao da vi\u0111am dete, pita se Sanela.<br \/>\n<a href=\"https:\/\/centralmedia.rs\/wp-content\/uploads\/2015\/10\/zarko-aleksic-1-zagubica-f.b..jpg\"><img loading=\"lazy\" decoding=\"async\" src=\"https:\/\/centralmedia.rs\/wp-content\/uploads\/2015\/10\/zarko-aleksic-1-zagubica-f.b..jpg\" alt=\"zarko aleksic 1-zagubica-f.b.\" width=\"640\" height=\"480\" class=\"alignnone size-full wp-image-644\" srcset=\"https:\/\/centralmedia.rs\/wp-content\/uploads\/2015\/10\/zarko-aleksic-1-zagubica-f.b..jpg 640w, https:\/\/centralmedia.rs\/wp-content\/uploads\/2015\/10\/zarko-aleksic-1-zagubica-f.b.-300x225.jpg 300w, https:\/\/centralmedia.rs\/wp-content\/uploads\/2015\/10\/zarko-aleksic-1-zagubica-f.b.-80x60.jpg 80w, https:\/\/centralmedia.rs\/wp-content\/uploads\/2015\/10\/zarko-aleksic-1-zagubica-f.b.-265x198.jpg 265w\" sizes=\"(max-width: 640px) 100vw, 640px\" \/><\/a><br \/>\nOna navodi da je na ro\u010di\u0161tima sudija ube\u0111uje da ostavi dete ocu jer ima bebu sa sada\u0161njim mu\u017eem i da ,,prvo dete vi\u0161e nije bitno&#8221;.<br \/>\n\t-Postupaju sa mojim detetom kao da je par\u010de zemlje, kao da mu majka nije potrebna. Kad smo se rastali moj sin je imao devet meseci i niko nije obratio pa\u017enju da je mala beba ostala bez majke,sada ima skoro \u010detiri  godine, a za to vreme ni jednom nisam bila sa njim du\u017ee od sat vremena, a moj biv\u0161i mu\u017e nikad nije dozvolio da moj sin  ostane kod mene makar na jedan dan, pri\u010da Sanela o golgoti kroz koju prolazi.<br \/>\nOna insistira na po\u0161tovanju pravosna\u017ene presude, po\u0161tovanju njenog  prava na stareteljstvo nad sinom i materinstvo, jer svom sinu \u017eeli da odrasta uz majku, u normalnoj i zdravoj sredini.<br \/>\n<a href=\"https:\/\/centralmedia.rs\/wp-content\/uploads\/2015\/10\/sanela-i-andrej-3.jpg\"><img loading=\"lazy\" decoding=\"async\" src=\"https:\/\/centralmedia.rs\/wp-content\/uploads\/2015\/10\/sanela-i-andrej-3.jpg\" alt=\"sanela i andrej 3\" width=\"480\" height=\"640\" class=\"alignnone size-full wp-image-645\" srcset=\"https:\/\/centralmedia.rs\/wp-content\/uploads\/2015\/10\/sanela-i-andrej-3.jpg 480w, https:\/\/centralmedia.rs\/wp-content\/uploads\/2015\/10\/sanela-i-andrej-3-225x300.jpg 225w\" sizes=\"(max-width: 480px) 100vw, 480px\" \/><\/a><br \/>\n         -Otimanjem deteta, povre\u0111ena su moja prava, ali i prava moga deteta.Na najgori na\u010din sam diskriminisana, samo zato \u0161to sam \u017eena. Moj biv\u0161i mu\u017e \u017darko, o\u010digledno nastavlja da primenjuje &#8220;obi\u010dajno pravo&#8221;, nasle\u0111eno vaspitanjem u sredini u kojoj je sasvim prirodno da mu\u017e tu\u010de \u017eenu. Time \u0161to, posle bestijalnosti kojima me je podvrgavao tokom zajedni\u010dkog \u017eivota, to isto, samo u druga\u010dijoj formi, nastavlja ignorisanjem sudskih presuda, ruganjem pravdi, sudovima, policiji, tu\u017eila\u0161tvu, dr\u017eavnim organima, koji ne mogu da sprovedu jednu pravosna\u017enu presudu i vrate mi dete, stoji u Sanelinom pismu .<\/p>\n<p>Ona svoje obra\u0107anje dr\u017eavnim organima zavr\u0161ava vapajem ,,Molim vas pomozite mi da vratim sina!\u201d<br \/>\n\u017darko Aleksi\u0107 je ranije rekao da ne\u0107e vi\u0161e davati izjave i novinarima zapretio tu\u017ebom ukoliko nastave da pi\u0161u o ovoj temi.<br \/>\nTROGO\u0160NJA BORBA<br \/>\nSanela je pobegla od  \u017darka u septembru 2012 godine zbog, kako ka\u017ee, fizi\u010dkog i psihi\u010dkog maltretiranja,ali joj on nije dozvolio da povede tad desetomese\u010dnog Andreja.  Osnovni sud je starateljstvo nad detetom dodelio majci, \u0161to je posle \u017ealbe oca potvrdio Apelacioni sud.  Potom, \u017darko injegovi roditelji kriju bebu od suda i socijalnih radnika koji dolaze na izvr\u0161enje,koji postupaju kao da je dete roba. Nadle\u017eni organi nikada nisu utvrdili gde je i sa kim dete, da li je \u017eivo, dok je \u017darko  bio u dvomese\u010dno zatvoru . <\/p>\n","protected":false},"excerpt":{"rendered":"<p>MAJKA RAZDVOJENA OD BEBE TRI GODINE DESPOTOVAC-\u017darko Aleksi\u0107 (31) iz Bliznaka kod \u017dagubice, i pored pravnosna\u017ene presude, ve\u0107 tri godine krije sina Andreja (4) od &hellip; <\/p>\n","protected":false},"author":4,"featured_media":640,"comment_status":"open","ping_status":"open","sticky":false,"template":"","format":"standard","meta":{"footnotes":""},"categories":[20],"tags":[115,127],"_links":{"self":[{"href":"https:\/\/centralmedia.rs\/index.php\/wp-json\/wp\/v2\/posts\/639"}],"collection":[{"href":"https:\/\/centralmedia.rs\/index.php\/wp-json\/wp\/v2\/posts"}],"about":[{"href":"https:\/\/centralmedia.rs\/index.php\/wp-json\/wp\/v2\/types\/post"}],"author":[{"embeddable":true,"href":"https:\/\/centralmedia.rs\/index.php\/wp-json\/wp\/v2\/users\/4"}],"replies":[{"embeddable":true,"href":"https:\/\/centralmedia.rs\/index.php\/wp-json\/wp\/v2\/comments?post=639"}],"version-history":[{"count":0,"href":"https:\/\/centralmedia.rs\/index.php\/wp-json\/wp\/v2\/posts\/639\/revisions"}],"wp:featuredmedia":[{"embeddable":true,"href":"https:\/\/centralmedia.rs\/index.php\/wp-json\/wp\/v2\/media\/640"}],"wp:attachment":[{"href":"https:\/\/centralmedia.rs\/index.php\/wp-json\/wp\/v2\/media?parent=639"}],"wp:term":[{"taxonomy":"category","embeddable":true,"href":"https:\/\/centralmedia.rs\/index.php\/wp-json\/wp\/v2\/categories?post=639"},{"taxonomy":"post_tag","embeddable":true,"href":"https:\/\/centralmedia.rs\/index.php\/wp-json\/wp\/v2\/tags?post=639"}],"curies":[{"name":"wp","href":"https:\/\/api.w.org\/{rel}","templated":true}]}}