{"id":6394,"date":"2017-01-15T15:15:37","date_gmt":"2017-01-15T15:15:37","guid":{"rendered":"http:\/\/centralmedia.rs\/?p=6394"},"modified":"2017-01-15T15:17:08","modified_gmt":"2017-01-15T15:17:08","slug":"docek-srpske-nove-godine","status":"publish","type":"post","link":"https:\/\/centralmedia.rs\/index.php\/2017\/01\/15\/docek-srpske-nove-godine\/","title":{"rendered":"DO\u010cEK SRPSKE NOVE GODINE"},"content":{"rendered":"<p>\u0160irom Srbije proslavljen je do\u010dek Nove godine po Julijanskom kalendaru. Tradicionalno, uz dobru muziku, odli\u010dan vatromet i truba\u010de, Svilajn\u010dani su na Trgu Stevana Sin\u0111eli\u0107a i Despotov\u010dani na Trgu \u00a0Despota Stefana nado\u010dekali srpsku Novu godinu. U ostalim pomoravskim gradovima veselja su prire\u0111ena u ugostiteljskim objektima.<\/p>\n<div id='gallery-1' class='gallery galleryid-6394 gallery-columns-2 gallery-size-full'><figure class='gallery-item'>\n\t\t\t<div class='gallery-icon landscape'>\n\t\t\t\t<a href='https:\/\/centralmedia.rs\/index.php\/2017\/01\/15\/docek-srpske-nove-godine\/sng-2\/'><img loading=\"lazy\" decoding=\"async\" width=\"960\" height=\"640\" src=\"https:\/\/centralmedia.rs\/wp-content\/uploads\/2017\/01\/sng-2.jpg\" class=\"attachment-full size-full\" alt=\"\" srcset=\"https:\/\/centralmedia.rs\/wp-content\/uploads\/2017\/01\/sng-2.jpg 960w, https:\/\/centralmedia.rs\/wp-content\/uploads\/2017\/01\/sng-2-300x200.jpg 300w, https:\/\/centralmedia.rs\/wp-content\/uploads\/2017\/01\/sng-2-768x512.jpg 768w\" sizes=\"(max-width: 960px) 100vw, 960px\" \/><\/a>\n\t\t\t<\/div><\/figure><figure class='gallery-item'>\n\t\t\t<div class='gallery-icon landscape'>\n\t\t\t\t<a href='https:\/\/centralmedia.rs\/index.php\/2017\/01\/15\/docek-srpske-nove-godine\/sng-1\/'><img loading=\"lazy\" decoding=\"async\" width=\"960\" height=\"640\" src=\"https:\/\/centralmedia.rs\/wp-content\/uploads\/2017\/01\/sng-1.jpg\" class=\"attachment-full size-full\" alt=\"\" srcset=\"https:\/\/centralmedia.rs\/wp-content\/uploads\/2017\/01\/sng-1.jpg 960w, https:\/\/centralmedia.rs\/wp-content\/uploads\/2017\/01\/sng-1-300x200.jpg 300w, https:\/\/centralmedia.rs\/wp-content\/uploads\/2017\/01\/sng-1-768x512.jpg 768w\" sizes=\"(max-width: 960px) 100vw, 960px\" \/><\/a>\n\t\t\t<\/div><\/figure>\n\t\t<\/div>\n\n","protected":false},"excerpt":{"rendered":"<p>\u0160irom Srbije proslavljen je do\u010dek Nove godine po Julijanskom kalendaru. Tradicionalno, uz dobru muziku, odli\u010dan vatromet i truba\u010de, Svilajn\u010dani su na Trgu Stevana Sin\u0111eli\u0107a i &hellip; <\/p>\n","protected":false},"author":4,"featured_media":6395,"comment_status":"open","ping_status":"open","sticky":false,"template":"","format":"standard","meta":{"footnotes":""},"categories":[1524,2,1517],"tags":[468,38],"_links":{"self":[{"href":"https:\/\/centralmedia.rs\/index.php\/wp-json\/wp\/v2\/posts\/6394"}],"collection":[{"href":"https:\/\/centralmedia.rs\/index.php\/wp-json\/wp\/v2\/posts"}],"about":[{"href":"https:\/\/centralmedia.rs\/index.php\/wp-json\/wp\/v2\/types\/post"}],"author":[{"embeddable":true,"href":"https:\/\/centralmedia.rs\/index.php\/wp-json\/wp\/v2\/users\/4"}],"replies":[{"embeddable":true,"href":"https:\/\/centralmedia.rs\/index.php\/wp-json\/wp\/v2\/comments?post=6394"}],"version-history":[{"count":0,"href":"https:\/\/centralmedia.rs\/index.php\/wp-json\/wp\/v2\/posts\/6394\/revisions"}],"wp:featuredmedia":[{"embeddable":true,"href":"https:\/\/centralmedia.rs\/index.php\/wp-json\/wp\/v2\/media\/6395"}],"wp:attachment":[{"href":"https:\/\/centralmedia.rs\/index.php\/wp-json\/wp\/v2\/media?parent=6394"}],"wp:term":[{"taxonomy":"category","embeddable":true,"href":"https:\/\/centralmedia.rs\/index.php\/wp-json\/wp\/v2\/categories?post=6394"},{"taxonomy":"post_tag","embeddable":true,"href":"https:\/\/centralmedia.rs\/index.php\/wp-json\/wp\/v2\/tags?post=6394"}],"curies":[{"name":"wp","href":"https:\/\/api.w.org\/{rel}","templated":true}]}}