{"id":6480,"date":"2017-01-19T09:59:33","date_gmt":"2017-01-19T09:59:33","guid":{"rendered":"http:\/\/centralmedia.rs\/?p=6480"},"modified":"2017-01-19T14:33:29","modified_gmt":"2017-01-19T14:33:29","slug":"bogojavljenje-u-cupriji-jagodini-casni-krst-iz-velike-morava-izvadio-petar-banjac","status":"publish","type":"post","link":"https:\/\/centralmedia.rs\/index.php\/2017\/01\/19\/bogojavljenje-u-cupriji-jagodini-casni-krst-iz-velike-morava-izvadio-petar-banjac\/","title":{"rendered":"BOGOJAVLJENJE U \u0106UPRIJI I JAGODINI- \u010cASNI KRST IZ VELIKE MORAVA IZVADIO PETAR BANJAC"},"content":{"rendered":"<p>\u0106UPRIJA-Para\u0107inac Petar Banjac (28) izvadio je danas \u010dasni krst iz Velike Morave kod \u0106uprije. Njemu je zamenik predsednika Op\u0161tine \u0106uprija Ilija Paunovi\u0107 dodelio zlatnik, dok su ostali u\u010desnici dobili zahvalnice. Tradicionalnim plivanjem u Velikoj Moravi za bogojavljenski krst obele\u017eava \u00a0se veliki pravoslavni praznik Bogojavljenje u \u0106upriji. Tridesetak pliva\u010da iz \u0106uprije i Para\u0107ina odva\u017eilo se da zapliva u ledom okovanoj recii, a lokalno sve\u0161tenstvo je posle liturgije je u \u00a0litiji do\u0161lo do mosta odakle je \u010dasni krst postavljen u reku.<\/p>\n<div id='gallery-1' class='gallery galleryid-6480 gallery-columns-4 gallery-size-thumbnail'><figure class='gallery-item'>\n\t\t\t<div class='gallery-icon portrait'>\n\t\t\t\t<a href='https:\/\/centralmedia.rs\/index.php\/2017\/01\/19\/bogojavljenje-u-cupriji-jagodini-casni-krst-iz-velike-morava-izvadio-petar-banjac\/bogojavljenje-1-cuprija-toc\/'><img loading=\"lazy\" decoding=\"async\" width=\"150\" height=\"150\" src=\"https:\/\/centralmedia.rs\/wp-content\/uploads\/2017\/01\/bogojavljenje-1-cuprija-toc-150x150.jpg\" class=\"attachment-thumbnail size-thumbnail\" alt=\"\" aria-describedby=\"gallery-1-6482\" \/><\/a>\n\t\t\t<\/div>\n\t\t\t\t<figcaption class='wp-caption-text gallery-caption' id='gallery-1-6482'>\n\t\t\t\tFoto : Turisti\u010dka organizacija \u0106uprija\n\t\t\t\t<\/figcaption><\/figure><figure class='gallery-item'>\n\t\t\t<div class='gallery-icon portrait'>\n\t\t\t\t<a href='https:\/\/centralmedia.rs\/index.php\/2017\/01\/19\/bogojavljenje-u-cupriji-jagodini-casni-krst-iz-velike-morava-izvadio-petar-banjac\/bogojavljenje-2-cuprija-toc\/'><img loading=\"lazy\" decoding=\"async\" width=\"150\" height=\"150\" src=\"https:\/\/centralmedia.rs\/wp-content\/uploads\/2017\/01\/bogojavljenje-2-cuprija-toc-150x150.jpg\" class=\"attachment-thumbnail size-thumbnail\" alt=\"\" \/><\/a>\n\t\t\t<\/div><\/figure><figure class='gallery-item'>\n\t\t\t<div class='gallery-icon portrait'>\n\t\t\t\t<a href='https:\/\/centralmedia.rs\/index.php\/2017\/01\/19\/bogojavljenje-u-cupriji-jagodini-casni-krst-iz-velike-morava-izvadio-petar-banjac\/bogojavljenje-3-cuprija-toc\/'><img loading=\"lazy\" decoding=\"async\" width=\"150\" height=\"150\" src=\"https:\/\/centralmedia.rs\/wp-content\/uploads\/2017\/01\/bogojavljenje-3-cuprija-toc-150x150.jpg\" class=\"attachment-thumbnail size-thumbnail\" alt=\"\" \/><\/a>\n\t\t\t<\/div><\/figure><figure class='gallery-item'>\n\t\t\t<div class='gallery-icon portrait'>\n\t\t\t\t<a href='https:\/\/centralmedia.rs\/index.php\/2017\/01\/19\/bogojavljenje-u-cupriji-jagodini-casni-krst-iz-velike-morava-izvadio-petar-banjac\/bogojavljenje-cuprija-toc\/'><img loading=\"lazy\" decoding=\"async\" width=\"150\" height=\"150\" src=\"https:\/\/centralmedia.rs\/wp-content\/uploads\/2017\/01\/bogojavljenje-cuprija-toc-150x150.jpg\" class=\"attachment-thumbnail size-thumbnail\" alt=\"\" \/><\/a>\n\t\t\t<\/div><\/figure>\n\t\t<\/div>\n\n<p>-Velika je \u010dast plivati za \u010dasni krst, a jo\u0161 ve\u0107e zadovoljstvo da prvi doplivate. \u010cetvrti put plivam za \u010dasni krst i sada mi se posre\u0107ilo. \u017delim da naredne godine neko drugi prvi dopliva do krsta i oseti ovu dra\u017e, rekao je Banjac posle izlaska iz reke.Pliva\u010di su u\u0161li u reku po veoma hladnom vremenu i temepraturi ispod nule, a sve vreme je padao sneg.<\/p>\n<div id='gallery-2' class='gallery galleryid-6480 gallery-columns-4 gallery-size-thumbnail'><figure class='gallery-item'>\n\t\t\t<div class='gallery-icon landscape'>\n\t\t\t\t<a href='https:\/\/centralmedia.rs\/index.php\/2017\/01\/19\/bogojavljenje-u-cupriji-jagodini-casni-krst-iz-velike-morava-izvadio-petar-banjac\/osvestavnje-cisterne-2-jagodina-g-j\/'><img loading=\"lazy\" decoding=\"async\" width=\"150\" height=\"150\" src=\"https:\/\/centralmedia.rs\/wp-content\/uploads\/2017\/01\/osvestavnje-cisterne-2-jagodina-g.j.-150x150.jpg\" class=\"attachment-thumbnail size-thumbnail\" alt=\"\" \/><\/a>\n\t\t\t<\/div><\/figure><figure class='gallery-item'>\n\t\t\t<div class='gallery-icon landscape'>\n\t\t\t\t<a href='https:\/\/centralmedia.rs\/index.php\/2017\/01\/19\/bogojavljenje-u-cupriji-jagodini-casni-krst-iz-velike-morava-izvadio-petar-banjac\/osvestavnje-cisterne-3-jagodina-g-j\/'><img loading=\"lazy\" decoding=\"async\" width=\"150\" height=\"150\" src=\"https:\/\/centralmedia.rs\/wp-content\/uploads\/2017\/01\/osvestavnje-cisterne-3-jagodina-g.j.-150x150.jpg\" class=\"attachment-thumbnail size-thumbnail\" alt=\"\" \/><\/a>\n\t\t\t<\/div><\/figure><figure class='gallery-item'>\n\t\t\t<div class='gallery-icon landscape'>\n\t\t\t\t<a href='https:\/\/centralmedia.rs\/index.php\/2017\/01\/19\/bogojavljenje-u-cupriji-jagodini-casni-krst-iz-velike-morava-izvadio-petar-banjac\/osvestavnje-cisterne-jagodina-g-j\/'><img loading=\"lazy\" decoding=\"async\" width=\"150\" height=\"150\" src=\"https:\/\/centralmedia.rs\/wp-content\/uploads\/2017\/01\/osvestavnje-cisterne-jagodina-g.j.-150x150.jpg\" class=\"attachment-thumbnail size-thumbnail\" alt=\"\" \/><\/a>\n\t\t\t<\/div><\/figure><figure class='gallery-item'>\n\t\t\t<div class='gallery-icon landscape'>\n\t\t\t\t<a href='https:\/\/centralmedia.rs\/index.php\/2017\/01\/19\/bogojavljenje-u-cupriji-jagodini-casni-krst-iz-velike-morava-izvadio-petar-banjac\/osvestavnje-1-jagodina-g-j\/'><img loading=\"lazy\" decoding=\"async\" width=\"150\" height=\"150\" src=\"https:\/\/centralmedia.rs\/wp-content\/uploads\/2017\/01\/osvestavnje-1-jagodina-g.j.-150x150.jpg\" class=\"attachment-thumbnail size-thumbnail\" alt=\"\" \/><\/a>\n\t\t\t<\/div><\/figure>\n\t\t<\/div>\n\n<p>U Jagodini su organizovane liturgije u nekoliko hramova, kao i podela osve\u0161tane Bogojavljenske vode. U crkci Svetih apostola Petra i Pavla podeljeno je oko 10.000 litara vode, a okupilo se nekoliko hiljada vernika. \u00a0Kao i svake godine najinteresantniji detalj je bio kada sve\u0161tenik osve\u0161tava vodu iz vatrogasne cisterne. Na Voj\u0161ansko \u2013bagrdanskom jezeru u Sviljancu u 12 sati bi\u0107e odr\u017eano plivanje za \u010dasni krst.<\/p>\n","protected":false},"excerpt":{"rendered":"<p>\u0106UPRIJA-Para\u0107inac Petar Banjac (28) izvadio je danas \u010dasni krst iz Velike Morave kod \u0106uprije. Njemu je zamenik predsednika Op\u0161tine \u0106uprija Ilija Paunovi\u0107 dodelio zlatnik, dok &hellip; <\/p>\n","protected":false},"author":4,"featured_media":6481,"comment_status":"open","ping_status":"open","sticky":false,"template":"","format":"standard","meta":{"footnotes":""},"categories":[1515,14,1524,2,1514,12],"tags":[1628,44,58,1629],"_links":{"self":[{"href":"https:\/\/centralmedia.rs\/index.php\/wp-json\/wp\/v2\/posts\/6480"}],"collection":[{"href":"https:\/\/centralmedia.rs\/index.php\/wp-json\/wp\/v2\/posts"}],"about":[{"href":"https:\/\/centralmedia.rs\/index.php\/wp-json\/wp\/v2\/types\/post"}],"author":[{"embeddable":true,"href":"https:\/\/centralmedia.rs\/index.php\/wp-json\/wp\/v2\/users\/4"}],"replies":[{"embeddable":true,"href":"https:\/\/centralmedia.rs\/index.php\/wp-json\/wp\/v2\/comments?post=6480"}],"version-history":[{"count":0,"href":"https:\/\/centralmedia.rs\/index.php\/wp-json\/wp\/v2\/posts\/6480\/revisions"}],"wp:featuredmedia":[{"embeddable":true,"href":"https:\/\/centralmedia.rs\/index.php\/wp-json\/wp\/v2\/media\/6481"}],"wp:attachment":[{"href":"https:\/\/centralmedia.rs\/index.php\/wp-json\/wp\/v2\/media?parent=6480"}],"wp:term":[{"taxonomy":"category","embeddable":true,"href":"https:\/\/centralmedia.rs\/index.php\/wp-json\/wp\/v2\/categories?post=6480"},{"taxonomy":"post_tag","embeddable":true,"href":"https:\/\/centralmedia.rs\/index.php\/wp-json\/wp\/v2\/tags?post=6480"}],"curies":[{"name":"wp","href":"https:\/\/api.w.org\/{rel}","templated":true}]}}