{"id":658,"date":"2015-10-16T23:58:28","date_gmt":"2015-10-16T23:58:28","guid":{"rendered":"http:\/\/centralmedia.rs\/?p=658"},"modified":"2015-10-16T23:58:28","modified_gmt":"2015-10-16T23:58:28","slug":"kumovsko-bratske-linije-u-cuprijskoj-bolnici","status":"publish","type":"post","link":"https:\/\/centralmedia.rs\/index.php\/2015\/10\/16\/kumovsko-bratske-linije-u-cuprijskoj-bolnici\/","title":{"rendered":"KUMOVSKO- BRATSKE LINIJE U \u0106UPRIJSKOJ BOLNICI"},"content":{"rendered":"<p>\u0106UPRIJA-Troje biv\u0161ih povernika SNS u \u0106upriji sprovode pravno, politi\u010dko i rodbinsko nasilje u Op\u0161toj bolnici u tom gradu, optu\u017euje urolog te bolnice dr Predrag Drenovakovi\u0107 i to obja\u0161njava raspodelom funkcija, dr Marko Ili\u0107 je vd direktor, dr Svetlana  Pavlovi\u0107 njegova zamenica, dok je predsednik op\u0161tine Ninoslav Eri\u0107, preko Vlade Srbije, postavio  svog kuma Nenada \u0160\u0107epanovi\u0107a  za predsednika Upravnog odbora, a ro\u0111enog brata Neboj\u0161u za predsednika Nadzornog odbora, dok je \u010dlan UO Dr Dragana Todorovi\u0107 u bliskim ro\u0111a\u010dkim odnosima sa zamenicom direktora. Predsednik op\u0161tine Eri\u0107 to odlu\u010dno demantuje i isti\u010de da ne \u017eeli da komentari\u0161e la\u017ene tvrdnje, te navodi da dr Drenovakovi\u0107 koristi sudstvo i sudije, protiv kojih su podnete krivi\u010dne prijave.<br \/>\n<a href=\"https:\/\/centralmedia.rs\/wp-content\/uploads\/2015\/10\/ninoslav-eric-.jpg\"><img loading=\"lazy\" decoding=\"async\" src=\"https:\/\/centralmedia.rs\/wp-content\/uploads\/2015\/10\/ninoslav-eric-.jpg\" alt=\"ninoslav eric\" width=\"748\" height=\"880\" class=\"alignnone size-full wp-image-661\" srcset=\"https:\/\/centralmedia.rs\/wp-content\/uploads\/2015\/10\/ninoslav-eric-.jpg 748w, https:\/\/centralmedia.rs\/wp-content\/uploads\/2015\/10\/ninoslav-eric--255x300.jpg 255w\" sizes=\"(max-width: 748px) 100vw, 748px\" \/><\/a><br \/>\n\t-Vezano za Drenovakovi\u0107a apsolutno me ni\u0161ta ne zanima i ne \u017eelim o tome ni\u0161ta da ka\u017eem. Njegov rad svi znaju u \u0106upriji i zna se iz kog je miljea. To su gluposti, jer on \u017eeli da bude direktor, a ne mo\u017ee, mo\u017eda zato \u0161to ne namenski tro\u0161io sredstva dok je bio direktor. A \u0161to se ti\u010de nepotizma zaposlio sam tetku i \u0161urnaju i tetkine deveri\u010di\u0107e, ka\u017ee u \u0161ali Eri\u0107.<br \/>\n\tDr Drenovakovi\u0107 je prema pravosna\u017enim i izvr\u0161im presudama jedini zakonski i legitimni direktor te ustanove, ali bolnica i Ministarstvo zdravlja odbijaju da ga vrate na tu fukciju.<br \/>\n\t-Zaposleni se pitaju da li je direktor bolnice dr Marko Ili\u0107 ili predsednik op\u0161tine Ninoslav Eri\u0107 i da li Ministarstvo zdravlja ovu ustanovu, zbog toga, tretira kao lokalno javno preduze\u0107e. Znamo \u0161ta se dogodlio sa op\u0161tinskim preduze\u0107ima, Dom zdravlja je u problemu od 300 miliona dinara zbog lokalnih politi\u010dara, ka\u017ee dr Drenovakovi\u0107.<br \/>\n<a href=\"https:\/\/centralmedia.rs\/wp-content\/uploads\/2015\/10\/direktor_Predrag_Drenakovic-cuprija-privatna-arhiva-1.jpg\"><img loading=\"lazy\" decoding=\"async\" src=\"https:\/\/centralmedia.rs\/wp-content\/uploads\/2015\/10\/direktor_Predrag_Drenakovic-cuprija-privatna-arhiva-1.jpg\" alt=\"direktor_Predrag_Drenakovic-cuprija-privatna arhiva 1\" width=\"640\" height=\"480\" class=\"alignnone size-full wp-image-659\" srcset=\"https:\/\/centralmedia.rs\/wp-content\/uploads\/2015\/10\/direktor_Predrag_Drenakovic-cuprija-privatna-arhiva-1.jpg 640w, https:\/\/centralmedia.rs\/wp-content\/uploads\/2015\/10\/direktor_Predrag_Drenakovic-cuprija-privatna-arhiva-1-300x225.jpg 300w, https:\/\/centralmedia.rs\/wp-content\/uploads\/2015\/10\/direktor_Predrag_Drenakovic-cuprija-privatna-arhiva-1-80x60.jpg 80w, https:\/\/centralmedia.rs\/wp-content\/uploads\/2015\/10\/direktor_Predrag_Drenakovic-cuprija-privatna-arhiva-1-265x198.jpg 265w\" sizes=\"(max-width: 640px) 100vw, 640px\" \/><\/a><br \/>\nBez obzira na pravosna\u017enu odluku Vi\u0161eg i Apelacionog suda, kao i zapo\u010detog sudskog izvr\u0161enja za povratak dr Drenovakovi\u0107a na funkciju direktora, UO te bolnice je raspisao je i u martu sproveo konkurs za direktora, pa je zbog ,,\u0107utanja\u201c Ministarstva zdravlja konkurs poni\u0161ten i dr Ili\u0107u produ\u017eeno vd stanje do septembra.<br \/>\n-Sud je doneo privremenu meru i u njoj jasno stoji da je odluka UO  o konkursu nezakonita i stavljena van snage, a Op\u0161toj bolnici i Ministarstvu zdravlja se predo\u010dava da su du\u017eni da me odmah vrate na mesto direktora kako bih ,,spre\u010dio nezakonito delovanje UO\u201c, \u010dita navode iz sudskog re\u0161enja dr Drenovakovi\u0107 i dodaje da \u017ealba ne odla\u017ee re\u0161enje. Bolnica se \u017ealila na privremenu meru suda.Dr Drenovakovi\u0107 je svim \u010dlanovima UO i direktoru uputio pravosna\u017enu sudsku odluku i upozorio ih da \u0107e biti krivi\u010dno gonjeni zbog nezakonitosti u radu.<\/p>\n","protected":false},"excerpt":{"rendered":"<p>\u0106UPRIJA-Troje biv\u0161ih povernika SNS u \u0106upriji sprovode pravno, politi\u010dko i rodbinsko nasilje u Op\u0161toj bolnici u tom gradu, optu\u017euje urolog te bolnice dr Predrag Drenovakovi\u0107 &hellip; <\/p>\n","protected":false},"author":4,"featured_media":660,"comment_status":"open","ping_status":"open","sticky":false,"template":"","format":"standard","meta":{"footnotes":""},"categories":[14],"tags":[135,44,136],"_links":{"self":[{"href":"https:\/\/centralmedia.rs\/index.php\/wp-json\/wp\/v2\/posts\/658"}],"collection":[{"href":"https:\/\/centralmedia.rs\/index.php\/wp-json\/wp\/v2\/posts"}],"about":[{"href":"https:\/\/centralmedia.rs\/index.php\/wp-json\/wp\/v2\/types\/post"}],"author":[{"embeddable":true,"href":"https:\/\/centralmedia.rs\/index.php\/wp-json\/wp\/v2\/users\/4"}],"replies":[{"embeddable":true,"href":"https:\/\/centralmedia.rs\/index.php\/wp-json\/wp\/v2\/comments?post=658"}],"version-history":[{"count":0,"href":"https:\/\/centralmedia.rs\/index.php\/wp-json\/wp\/v2\/posts\/658\/revisions"}],"wp:featuredmedia":[{"embeddable":true,"href":"https:\/\/centralmedia.rs\/index.php\/wp-json\/wp\/v2\/media\/660"}],"wp:attachment":[{"href":"https:\/\/centralmedia.rs\/index.php\/wp-json\/wp\/v2\/media?parent=658"}],"wp:term":[{"taxonomy":"category","embeddable":true,"href":"https:\/\/centralmedia.rs\/index.php\/wp-json\/wp\/v2\/categories?post=658"},{"taxonomy":"post_tag","embeddable":true,"href":"https:\/\/centralmedia.rs\/index.php\/wp-json\/wp\/v2\/tags?post=658"}],"curies":[{"name":"wp","href":"https:\/\/api.w.org\/{rel}","templated":true}]}}