{"id":6666,"date":"2017-01-20T03:08:11","date_gmt":"2017-01-20T03:08:11","guid":{"rendered":"http:\/\/centralmedia.rs\/?p=6666"},"modified":"2017-01-20T03:08:11","modified_gmt":"2017-01-20T03:08:11","slug":"blic-palma-haradinaj-dodik-oni-su-se-hvalili-pozivnicom-za-trampovu-inauguraciju-ali-istina-je-potpuno-drugacija","status":"publish","type":"post","link":"https:\/\/centralmedia.rs\/index.php\/2017\/01\/20\/blic-palma-haradinaj-dodik-oni-su-se-hvalili-pozivnicom-za-trampovu-inauguraciju-ali-istina-je-potpuno-drugacija\/","title":{"rendered":"BLIC : PALMA, HARADINAJ, DODIK&#8230; Oni su se hvalili pozivnicom za Trampovu inauguraciju, ali ISTINA JE POTPUNO DRUGA\u010cIJA"},"content":{"rendered":"<p>BLIC : Lana Gedo\u0161evi\u0107<\/p>\n<p>Od brojnih najava pojedinaca iz regiona da \u0107e i\u0107i na inauguraciju novoizabranog predsednika Donalda Trampa, izgleda se sve svelo samo na ambasadore. Ta\u010dnije, samo su oni osobe koje su zvani\u010dno pozvane na sam \u010din Trampove inauguracije, dok su svi ostali, bilo da su ve\u0107 oti\u0161li ili ne, pozivani uglavnom na propratne doga\u0111aje u vezi sa inauguracijom.<a href=\"https:\/\/centralmedia.rs\/wp-content\/uploads\/2017\/01\/dmp-1.jpg\"><img loading=\"lazy\" decoding=\"async\" class=\"aligncenter size-full wp-image-6669\" src=\"https:\/\/centralmedia.rs\/wp-content\/uploads\/2017\/01\/dmp-1.jpg\" alt=\"\" width=\"960\" height=\"720\" srcset=\"https:\/\/centralmedia.rs\/wp-content\/uploads\/2017\/01\/dmp-1.jpg 960w, https:\/\/centralmedia.rs\/wp-content\/uploads\/2017\/01\/dmp-1-300x225.jpg 300w, https:\/\/centralmedia.rs\/wp-content\/uploads\/2017\/01\/dmp-1-768x576.jpg 768w, https:\/\/centralmedia.rs\/wp-content\/uploads\/2017\/01\/dmp-1-80x60.jpg 80w, https:\/\/centralmedia.rs\/wp-content\/uploads\/2017\/01\/dmp-1-265x198.jpg 265w\" sizes=\"(max-width: 960px) 100vw, 960px\" \/><\/a><\/p>\n<p>Iako je Dragan Markovi\u0107 Palma ve\u0107 u Va\u0161ingtonu gde \u0107e, kako je sam vi\u0161e puta izjavio prisustvovati inauguraciji novog ameri\u010dkog predsednika, za \u0161ta je, kako je rekao, i dobio pozivnicu, istina je da \u0107e jedini zvani\u010dni predstavnik Srbije na Trampovoj inauguraciji biti ambasador u Va\u0161ingtonu \u0110er\u0111 Matkovi\u0107.<\/p>\n<figure id=\"attachment_6668\" aria-describedby=\"caption-attachment-6668\" style=\"width: 470px\" class=\"wp-caption aligncenter\"><a href=\"https:\/\/centralmedia.rs\/wp-content\/uploads\/2017\/01\/djerdj-matkovic.jpg\"><img loading=\"lazy\" decoding=\"async\" class=\"size-full wp-image-6668\" src=\"https:\/\/centralmedia.rs\/wp-content\/uploads\/2017\/01\/djerdj-matkovic.jpg\" alt=\"\" width=\"470\" height=\"664\" srcset=\"https:\/\/centralmedia.rs\/wp-content\/uploads\/2017\/01\/djerdj-matkovic.jpg 470w, https:\/\/centralmedia.rs\/wp-content\/uploads\/2017\/01\/djerdj-matkovic-212x300.jpg 212w\" sizes=\"(max-width: 470px) 100vw, 470px\" \/><\/a><figcaption id=\"caption-attachment-6668\" class=\"wp-caption-text\">Djerdj Matkovi\u0107<\/figcaption><\/figure>\n<p>Za razliku od drugih zemalja, ameri\u010dka praksa je takva da na inauguraciji predsednika SAD prisustvuju samo ambasadori zemalja koje imaju predstavni\u0161tva u Americi, ali ne i delegacije i druge visoke zvanice, poput predsednika i premijera. Na Trampovu inauguraciju samo su pozvani predsednik Meksika i premijer Kanade.<\/p>\n<figure id=\"attachment_6670\" aria-describedby=\"caption-attachment-6670\" style=\"width: 470px\" class=\"wp-caption aligncenter\"><a href=\"https:\/\/centralmedia.rs\/wp-content\/uploads\/2017\/01\/tramp.jpg\"><img loading=\"lazy\" decoding=\"async\" class=\"size-full wp-image-6670\" src=\"https:\/\/centralmedia.rs\/wp-content\/uploads\/2017\/01\/tramp.jpg\" alt=\"\" width=\"470\" height=\"310\" srcset=\"https:\/\/centralmedia.rs\/wp-content\/uploads\/2017\/01\/tramp.jpg 470w, https:\/\/centralmedia.rs\/wp-content\/uploads\/2017\/01\/tramp-300x198.jpg 300w\" sizes=\"(max-width: 470px) 100vw, 470px\" \/><\/a><figcaption id=\"caption-attachment-6670\" class=\"wp-caption-text\">Foto : Reuters<\/figcaption><\/figure>\n<p>Zato, svi ostali koji su se hvalili da \u0107e sutra biti u centru svetskog doga\u0111aja u Va\u0161ingtonu, bilo da su iz Srbije ili zemalja iz okru\u017eenja, inauguraciju \u0107e uglavnom gledati iz daleka, ili sa nekog od mnogobrojnih balova i prate\u0107ih doga\u0111aja koji su joj posve\u0107eni, kojima \u0107e Tramp mo\u017eda posvetiti po koji minut pa\u017enje. Neki od njih, me\u0111utim, do Amerike nisu ni stigli.<\/p>\n<p><strong style=\"font-style: inherit;\">Dodiku dva poziva<\/strong><\/p>\n<p>To je slu\u010daj sa predsednikom RS Miloradom Dodikom koji je, prenosili su mediji, pozvan na inauguraciju, ali se u me\u0111uvremenu dogodilo da nije dobio vizu, a onda se desilo i to da su SAD uvele sankcije protiv njega.<\/p>\n<figure id=\"attachment_6671\" aria-describedby=\"caption-attachment-6671\" style=\"width: 470px\" class=\"wp-caption aligncenter\"><a href=\"https:\/\/centralmedia.rs\/wp-content\/uploads\/2017\/01\/dodik.jpg\"><img loading=\"lazy\" decoding=\"async\" class=\"size-full wp-image-6671\" src=\"https:\/\/centralmedia.rs\/wp-content\/uploads\/2017\/01\/dodik.jpg\" alt=\"\" width=\"470\" height=\"313\" srcset=\"https:\/\/centralmedia.rs\/wp-content\/uploads\/2017\/01\/dodik.jpg 470w, https:\/\/centralmedia.rs\/wp-content\/uploads\/2017\/01\/dodik-300x200.jpg 300w\" sizes=\"(max-width: 470px) 100vw, 470px\" \/><\/a><figcaption id=\"caption-attachment-6671\" class=\"wp-caption-text\">Milorad Dodik<\/figcaption><\/figure>\n<p>Dodik je dobio \u010dak dva poziva, me\u0111utim nijedan nije za sam \u010din inauguracije. Ta\u010dnije, jednu pozivnicu mu je uputio Stiven Ti Kvigli, predsedavaju\u0107i Organizacije &#8220;Sister Sitis Interne\u0161enel&#8221;, da prisustvuje inauguralnoj gala ve\u010deri u Va\u0161ingtonu koja je odr\u017eana 17. januara u sedi\u0161tu Organizacije Ameriken Stejt Bilding, i kojoj je prisustvovala prva dama Amerike Melanija Tramp.<\/p>\n<p>&nbsp;<\/p>\n<p>Drugi poziv dobio je od svojih prijatelja koji su bili u Trampovom izbornom \u0161tabu, a koji su deo tima koji se bave tranzicijom prethodne ameri\u010dke administracije ka novoj. Pozivnica se odnosila na &#8220;Fejt, Fridom end Fju\u010dr inaugural bal&#8221;, na kome \u0107e se mo\u017eda pojaviti predsednik i potpredsednik SAD Donald Tramp i Majk Pens. Mediji u BiH su spekulisali da je Dodik platio 10.000 dolara ulaznice za razne doga\u0111aje u vezi sa inauguracijom.<\/p>\n<p><strong style=\"font-style: inherit;\">Ramu\u0161 Haradinaj ne\u0107e sti\u0107i<\/strong><\/p>\n<p>Poziv na inauguraciju dobio je, po sopstvenom priznanju, i nekada\u0161nji komandant OVK i \u0161ef Alijanse za budu\u0107nost Kosova Ramu\u0161 Haradinaj.<\/p>\n<p>Me\u0111utim, to je odmah demantovao predsednik Kosova Ha\u0161im Ta\u010di, rekav\u0161i da Haradinaja nisu pozvali Trampovi saradnici, ve\u0107 posebna kompanija koja se bavi kampanjom i odnosima sa politi\u010dkim organizacijama.<\/p>\n<p>Ko god da ga je pozvao, Haradinaj svakako nije oti\u0161ao u Ameriku, jer se nalazi u Francuskoj koju ne sme da napusti dok tamo\u0161nji sud ne odlu\u010di o njegovoj ekstradiciji Srbiji.<\/p>\n<p><strong style=\"font-style: inherit;\">Palma na balu<\/strong><\/p>\n<p>Za razliku od Dodika i Haradinaja, jedna od retkih osoba koja je otputovala za SAD ovim povodom je predsednik JS Dragan Markovi\u0107 Palma.<\/p>\n<p>I on po svoj prilici nije zvanica na samoj inauguraciji, ali \u0107e prisustvovati pojedinim prate\u0107im doga\u0111ajima, poput nekog od skupova i balova.<a href=\"https:\/\/centralmedia.rs\/wp-content\/uploads\/2017\/01\/dmp-2.jpg\"><img loading=\"lazy\" decoding=\"async\" class=\"aligncenter size-full wp-image-6672\" src=\"https:\/\/centralmedia.rs\/wp-content\/uploads\/2017\/01\/dmp-2.jpg\" alt=\"\" width=\"960\" height=\"537\" srcset=\"https:\/\/centralmedia.rs\/wp-content\/uploads\/2017\/01\/dmp-2.jpg 960w, https:\/\/centralmedia.rs\/wp-content\/uploads\/2017\/01\/dmp-2-300x168.jpg 300w, https:\/\/centralmedia.rs\/wp-content\/uploads\/2017\/01\/dmp-2-768x430.jpg 768w\" sizes=\"(max-width: 960px) 100vw, 960px\" \/><\/a><\/p>\n<p>Markovi\u0107 je kazao da je\u00a0<a style=\"font-style: inherit;\" href=\"http:\/\/www.blic.rs\/vesti\/politika\/put-placa-sam-palma-ide-na-inauguraciju-donalda-trampa\/8vwv22b\">poziv dobio od ljudi iz Trampovog \u0161taba<\/a>\u00a0zato \u0161to je &#8220;podr\u017eao Trampa kao kandidata za predsednika&#8221;, da je on jedini politi\u010dar iz Srbije pozvan na inauguraciju, i da je siguran da &#8220;ta njihova slu\u017eba dobro prati \u0161ta sam ja govorio u kampanji za izbor gospodina Trampa&#8221;.<\/p>\n<p><strong style=\"font-style: inherit;\">Od svih Crnogoraca &#8211; Medojevi\u0107<\/strong><\/p>\n<p>Svoje ambasadore na inauguraciji \u0107e pored Srbije imati i Hrvatska, Slovenija, BiH i Crna Gora.<\/p>\n<p>Upravo iz Crne Gore, prisustvo Trampovoj inauguraciji najavio je predsednik &#8220;Pokreta za promene&#8221; Neboj\u0161a Medojevic koga je, po sopstvenom priznanju, pozvao Kris Fusner, predstavnik Nacionalnog komiteta Republikanske stranke (RNC). On mu je,<a style=\"font-style: inherit;\" href=\"https:\/\/rs-lat.sputniknews.com\/regioni\/201701171109662409-medijevic-tramp-inauguracija\/\">\u00a0pi\u0161e Sputnjik<\/a>, uru\u010dio poziv za u\u010de\u0161c\u0301e na Trampovoj inauguraciji, kao i u pratec\u0301im de\u0161avanjima od 19. do 22. januara.<\/p>\n<p><strong style=\"font-style: inherit;\">Um\u010darevi\u0107 hteo, ali nije u mogu\u0107nosti<\/strong><\/p>\n<p>Poziv, dodu\u0161e ne za inauguraciju, ali za jedan od balova dobio je i Marinko Umi\u010devi\u0107 iz Banjaluke, koji je prvoj dami Amerike Melaniji Tramp poslao dva para cipela za vreme trajanja predsedni\u010dke kampanje.<\/p>\n<p>Ba\u0161 ona ga je pozvala na bal u znak zahvalnosti za njegov gest, a uz poziv stigla mu je i ko\u0161ulja, dodu\u0161e mala.<\/p>\n<p><strong style=\"font-style: inherit;\">Dru\u017eenje sa Trampom od milion dolara<\/strong><\/p>\n<p>Cena dru\u017eenja sa Trampom, njegovom suprugom i administracijom ovih dana je prava &#8220;sitnica&#8221; &#8211; od 25.000 do milion dolara.<\/p>\n<figure id=\"attachment_6673\" aria-describedby=\"caption-attachment-6673\" style=\"width: 470px\" class=\"wp-caption aligncenter\"><a href=\"https:\/\/centralmedia.rs\/wp-content\/uploads\/2017\/01\/cenovnik.png\"><img loading=\"lazy\" decoding=\"async\" class=\"size-full wp-image-6673\" src=\"https:\/\/centralmedia.rs\/wp-content\/uploads\/2017\/01\/cenovnik.png\" alt=\"\" width=\"470\" height=\"478\" srcset=\"https:\/\/centralmedia.rs\/wp-content\/uploads\/2017\/01\/cenovnik.png 470w, https:\/\/centralmedia.rs\/wp-content\/uploads\/2017\/01\/cenovnik-295x300.png 295w\" sizes=\"(max-width: 470px) 100vw, 470px\" \/><\/a><figcaption id=\"caption-attachment-6673\" class=\"wp-caption-text\">Cenovnik dru\u017eenja sa TRampom od 25.000 do milion dolara<\/figcaption><\/figure>\n<p>Toliko novca treba izdvojiti za komplete ulaznica za ru\u010dak sa prvom damom, ve\u010derom sa Trampom i potpredsednikom SAD Majkom Pensom, ili za &#8220;\u0107askanje&#8221; sa \u010dlanovima njegovog kabineta i kongresmenima.<\/p>\n<p>U zavisnosti od doga\u0111aja i broja ulaznica, varira i cena paketa. Naravno, nije sve na prodaju. Pojedine ulaznice za inauguraciju i doga\u0111aje u vezi sa njom bile su besplatne, i zainteresovanima su deljene po \u0161tabovima stranke.<\/p>\n","protected":false},"excerpt":{"rendered":"<p>BLIC : Lana Gedo\u0161evi\u0107 Od brojnih najava pojedinaca iz regiona da \u0107e i\u0107i na inauguraciju novoizabranog predsednika Donalda Trampa, izgleda se sve svelo samo na &hellip; <\/p>\n","protected":false},"author":4,"featured_media":6667,"comment_status":"open","ping_status":"open","sticky":false,"template":"","format":"standard","meta":{"footnotes":""},"categories":[2,13,12],"tags":[1633,120,1353,1634],"_links":{"self":[{"href":"https:\/\/centralmedia.rs\/index.php\/wp-json\/wp\/v2\/posts\/6666"}],"collection":[{"href":"https:\/\/centralmedia.rs\/index.php\/wp-json\/wp\/v2\/posts"}],"about":[{"href":"https:\/\/centralmedia.rs\/index.php\/wp-json\/wp\/v2\/types\/post"}],"author":[{"embeddable":true,"href":"https:\/\/centralmedia.rs\/index.php\/wp-json\/wp\/v2\/users\/4"}],"replies":[{"embeddable":true,"href":"https:\/\/centralmedia.rs\/index.php\/wp-json\/wp\/v2\/comments?post=6666"}],"version-history":[{"count":0,"href":"https:\/\/centralmedia.rs\/index.php\/wp-json\/wp\/v2\/posts\/6666\/revisions"}],"wp:featuredmedia":[{"embeddable":true,"href":"https:\/\/centralmedia.rs\/index.php\/wp-json\/wp\/v2\/media\/6667"}],"wp:attachment":[{"href":"https:\/\/centralmedia.rs\/index.php\/wp-json\/wp\/v2\/media?parent=6666"}],"wp:term":[{"taxonomy":"category","embeddable":true,"href":"https:\/\/centralmedia.rs\/index.php\/wp-json\/wp\/v2\/categories?post=6666"},{"taxonomy":"post_tag","embeddable":true,"href":"https:\/\/centralmedia.rs\/index.php\/wp-json\/wp\/v2\/tags?post=6666"}],"curies":[{"name":"wp","href":"https:\/\/api.w.org\/{rel}","templated":true}]}}