{"id":6709,"date":"2017-01-22T22:39:27","date_gmt":"2017-01-22T22:39:27","guid":{"rendered":"http:\/\/centralmedia.rs\/?p=6709"},"modified":"2017-01-22T22:39:47","modified_gmt":"2017-01-22T22:39:47","slug":"paracinska-beskucnica-zadobila-teske-promrzline-lekari-amputacija-prstiju-na-rukama-nogama","status":"publish","type":"post","link":"https:\/\/centralmedia.rs\/index.php\/2017\/01\/22\/paracinska-beskucnica-zadobila-teske-promrzline-lekari-amputacija-prstiju-na-rukama-nogama\/","title":{"rendered":"PARA\u0106INSKA BESKU\u0106NICA ZADOBILA TE\u0160KE PROMRZLINE &#8211; LEKARI : AMPUTACIJA PRSTIJU NA RUKAMA I NOGAMA"},"content":{"rendered":"<p>PARA\u0106IN-Sne\u017eana Manojlovi\u0107 iz Para\u0107ina, stara preko pedeset godina, zadobila je te\u0161ke promrzline na prstima ruku i nogu u jakim mrazevima pre dve nedelje, ona je medicinski zbrinuta u Op\u0161toj bolnici u tom gradu, ali lekari ne isklju\u010duju ni amputaciju prstiju kao deo le\u010denja promrzlina. Re\u010d je o korisnici Centra za socijalni rad, koja je odbija pomo\u0107 i protivi se saradnji sa socijalnim radnicima. \u00a0 \u00a0<a href=\"https:\/\/centralmedia.rs\/wp-content\/uploads\/2017\/01\/paracin-zima.jpg\"><img loading=\"lazy\" decoding=\"async\" class=\"alignleft size-full wp-image-6710\" src=\"https:\/\/centralmedia.rs\/wp-content\/uploads\/2017\/01\/paracin-zima.jpg\" alt=\"\" width=\"480\" height=\"269\" srcset=\"https:\/\/centralmedia.rs\/wp-content\/uploads\/2017\/01\/paracin-zima.jpg 480w, https:\/\/centralmedia.rs\/wp-content\/uploads\/2017\/01\/paracin-zima-300x168.jpg 300w\" sizes=\"(max-width: 480px) 100vw, 480px\" \/><\/a><\/p>\n<p>-Besku\u0107nicu je dovela je policija u bolnicu, ima promrzline prstiju. Desetak dana je provela na Odeljenju hirurgije gde su zbrinjavane te\u0161ke promrzline. Mo\u017eda \u0107e biti potrebna i amputacija, ali ne mo\u017ee odmah da se obavi hiru\u0161ka intervencija, jer se \u010deka demarkaciona zona i to je period u kome mora \u010deka.\u00a0 Ona je specifi\u010dna, jako se te\u0161ko sa njom sara\u0111uje. Ustaje i odlazi, mi je vra\u0107amo, ba\u0161 je problemati\u010dna. Sada je zbrinuta u hraniteljsku porodicu, ka\u017ee direktorka bolnice dr Sla\u0111ana Vasi\u0107.\u00a0 \u00a0<a href=\"https:\/\/centralmedia.rs\/wp-content\/uploads\/2017\/01\/paracin-zima-2.jpg\"><img loading=\"lazy\" decoding=\"async\" class=\"alignright size-full wp-image-6711\" src=\"https:\/\/centralmedia.rs\/wp-content\/uploads\/2017\/01\/paracin-zima-2.jpg\" alt=\"\" width=\"480\" height=\"269\" srcset=\"https:\/\/centralmedia.rs\/wp-content\/uploads\/2017\/01\/paracin-zima-2.jpg 480w, https:\/\/centralmedia.rs\/wp-content\/uploads\/2017\/01\/paracin-zima-2-300x168.jpg 300w\" sizes=\"(max-width: 480px) 100vw, 480px\" \/><\/a><\/p>\n<p>Sne\u017eanu Manojlovi\u0107 gra\u0111ani Para\u0107ina dobro poznaju jer spava po klupama i ulazima. Ona je\u00a0 dugogodi\u0161nji problem Centra za socijalni rad, jer ne pristaje na \u00a0saradnju. U toku ove zime socijalni radnici su je pratili, poku\u0161avali da je zbrinu uz pomo\u0107 policije, ali ona nije je dobijala pomo\u0107. Pre vi\u0161e godina bila je upu\u0107ena na le\u010denje u specijalizovanu ustanovu, me\u0111utim pobegla je i do\u0161la pe\u0161ice u Para\u0107in.<\/p>\n<p>&#8211; Sne\u017eana je od petka u hraniteljskom sme\u0161taju kod hraniteljice za odrasle. \u017diva je, zbrinuta je trenutno, ima promrzline na nogama i rukama. Ona za mesec dana\u00a0 treba da se javi lekaru ponovo, do tada \u0107e ku\u0107na nega da je previja, isti\u010de direktorka Centra za socijalni rad Biljana Milenovi\u0107 Stojanovi\u0107 i obja\u0161njava da su socijalni radnici vi\u0161e puta poku\u0161avali uz asistenciju policije da je zbrinu Sne\u017eanu i dovedu na le\u010denje, ali ona je odbijala.<\/p>\n<p>-Sada je uz veliki na\u0161 anga\u017eman i socijalne radnice iz Neuropsihijatrijske ambulante nekako zbrinuta. Poku\u0161ala je da be\u017ei iz ambulante u prisustvu dva socijalna radnika.\u00a0 Ona je na\u0161a korisnica, ali uz svu na\u0161u muku i anga\u017eman te\u0161ko je nju privoletina saradnju. Ima ku\u0107u u dobrom stanju u selu Lebina, nema primanja, sklona je skitnji i nije saradljiva, pri\u010da Biljana Milenovi\u0107 \u00a0Stojanovi\u0107.<\/p>\n<p>Altenativni parlament gra\u0111ana u Para\u0107inu pokrenuo je inicijatvu za pomo\u0107 \u00a0besku\u0107nicima i omogu\u0107avanje tople prostorije sa napicima za besku\u0107nike dok traju ekstremni vremenski uslovi.<\/p>\n","protected":false},"excerpt":{"rendered":"<p>PARA\u0106IN-Sne\u017eana Manojlovi\u0107 iz Para\u0107ina, stara preko pedeset godina, zadobila je te\u0161ke promrzline na prstima ruku i nogu u jakim mrazevima pre dve nedelje, ona je &hellip; <\/p>\n","protected":false},"author":4,"featured_media":6331,"comment_status":"open","ping_status":"open","sticky":false,"template":"","format":"standard","meta":{"footnotes":""},"categories":[28,1524,2,1516],"tags":[1644,135,156,1645],"_links":{"self":[{"href":"https:\/\/centralmedia.rs\/index.php\/wp-json\/wp\/v2\/posts\/6709"}],"collection":[{"href":"https:\/\/centralmedia.rs\/index.php\/wp-json\/wp\/v2\/posts"}],"about":[{"href":"https:\/\/centralmedia.rs\/index.php\/wp-json\/wp\/v2\/types\/post"}],"author":[{"embeddable":true,"href":"https:\/\/centralmedia.rs\/index.php\/wp-json\/wp\/v2\/users\/4"}],"replies":[{"embeddable":true,"href":"https:\/\/centralmedia.rs\/index.php\/wp-json\/wp\/v2\/comments?post=6709"}],"version-history":[{"count":0,"href":"https:\/\/centralmedia.rs\/index.php\/wp-json\/wp\/v2\/posts\/6709\/revisions"}],"wp:featuredmedia":[{"embeddable":true,"href":"https:\/\/centralmedia.rs\/index.php\/wp-json\/wp\/v2\/media\/6331"}],"wp:attachment":[{"href":"https:\/\/centralmedia.rs\/index.php\/wp-json\/wp\/v2\/media?parent=6709"}],"wp:term":[{"taxonomy":"category","embeddable":true,"href":"https:\/\/centralmedia.rs\/index.php\/wp-json\/wp\/v2\/categories?post=6709"},{"taxonomy":"post_tag","embeddable":true,"href":"https:\/\/centralmedia.rs\/index.php\/wp-json\/wp\/v2\/tags?post=6709"}],"curies":[{"name":"wp","href":"https:\/\/api.w.org\/{rel}","templated":true}]}}