{"id":6734,"date":"2017-01-28T00:29:27","date_gmt":"2017-01-28T00:29:27","guid":{"rendered":"http:\/\/centralmedia.rs\/?p=6734"},"modified":"2017-01-28T00:30:43","modified_gmt":"2017-01-28T00:30:43","slug":"svetosavska-akademija-u-svilajncu-jedanaestoro-nagradjeno-ucenicima-laptopovi","status":"publish","type":"post","link":"https:\/\/centralmedia.rs\/index.php\/2017\/01\/28\/svetosavska-akademija-u-svilajncu-jedanaestoro-nagradjeno-ucenicima-laptopovi\/","title":{"rendered":"SVETOSAVSKA AKADEMIJA U SVILAJNCU &#8211; JEDANAESTORO NAGRA\u0110ENO, U\u010cENICIMA LAPTOPOVI"},"content":{"rendered":"<p>SVILAJNAC-Na Svetosavskoj akademiji u Svilajncu prigodnim zahvalnicama i sa po 10.000 dinara nagra\u0111eno je jedanaestoro u\u010denika, nastavnika i pisaca lokalnih hronika, dok je fakultet VISAN dodelio dva laptopa nagra\u0111enim dvojici u\u010denika.<\/p>\n<figure id=\"attachment_6736\" aria-describedby=\"caption-attachment-6736\" style=\"width: 300px\" class=\"wp-caption alignright\"><a href=\"https:\/\/centralmedia.rs\/wp-content\/uploads\/2017\/01\/predrag-milanovic.jpg\"><img loading=\"lazy\" decoding=\"async\" class=\"size-medium wp-image-6736\" src=\"https:\/\/centralmedia.rs\/wp-content\/uploads\/2017\/01\/predrag-milanovic-300x225.jpg\" alt=\"\" width=\"300\" height=\"225\" srcset=\"https:\/\/centralmedia.rs\/wp-content\/uploads\/2017\/01\/predrag-milanovic-300x225.jpg 300w, https:\/\/centralmedia.rs\/wp-content\/uploads\/2017\/01\/predrag-milanovic-768x576.jpg 768w, https:\/\/centralmedia.rs\/wp-content\/uploads\/2017\/01\/predrag-milanovic-80x60.jpg 80w, https:\/\/centralmedia.rs\/wp-content\/uploads\/2017\/01\/predrag-milanovic-265x198.jpg 265w, https:\/\/centralmedia.rs\/wp-content\/uploads\/2017\/01\/predrag-milanovic.jpg 900w\" sizes=\"(max-width: 300px) 100vw, 300px\" \/><\/a><figcaption id=\"caption-attachment-6736\" class=\"wp-caption-text\">Predrag Milanovi\u0107<\/figcaption><\/figure>\n<p>-Osnovno je da obrazovanje prilagodimo na\u0161oj privredi, zato sam zahvalan Srednjoj \u0161koli, koja je pionir u ovom poslu, jer \u0107emo otvaranjem novih smerova dobiti \u0161kolovan kadar za investiore. Ove godine potrebno je da otvorimo Dom u\u010denika Poljoprivredne \u0161kole. O\u010dekuje nas obele\u017eavanje jubileja, Poljoprivredna \u0161kola slavi 60 godina od osnivnanja, O\u0160 Branko Radi\u010devi\u0107 130 godina, a Srednja \u0161kola 140 godina, rekao je predsednik te op\u0161tine Predrag Milanovi\u0107.<\/p>\n<p>On je podsetio na obnovu \u0161kolskih objekata i vrti\u0107a, kao izgradnju novih objekata, vrednu nekoliko stotina miliona dinara.<\/p>\n","protected":false},"excerpt":{"rendered":"<p>SVILAJNAC-Na Svetosavskoj akademiji u Svilajncu prigodnim zahvalnicama i sa po 10.000 dinara nagra\u0111eno je jedanaestoro u\u010denika, nastavnika i pisaca lokalnih hronika, dok je fakultet VISAN &hellip; <\/p>\n","protected":false},"author":4,"featured_media":6735,"comment_status":"open","ping_status":"open","sticky":false,"template":"","format":"standard","meta":{"footnotes":""},"categories":[1524,2,1517],"tags":[501,38],"_links":{"self":[{"href":"https:\/\/centralmedia.rs\/index.php\/wp-json\/wp\/v2\/posts\/6734"}],"collection":[{"href":"https:\/\/centralmedia.rs\/index.php\/wp-json\/wp\/v2\/posts"}],"about":[{"href":"https:\/\/centralmedia.rs\/index.php\/wp-json\/wp\/v2\/types\/post"}],"author":[{"embeddable":true,"href":"https:\/\/centralmedia.rs\/index.php\/wp-json\/wp\/v2\/users\/4"}],"replies":[{"embeddable":true,"href":"https:\/\/centralmedia.rs\/index.php\/wp-json\/wp\/v2\/comments?post=6734"}],"version-history":[{"count":0,"href":"https:\/\/centralmedia.rs\/index.php\/wp-json\/wp\/v2\/posts\/6734\/revisions"}],"wp:featuredmedia":[{"embeddable":true,"href":"https:\/\/centralmedia.rs\/index.php\/wp-json\/wp\/v2\/media\/6735"}],"wp:attachment":[{"href":"https:\/\/centralmedia.rs\/index.php\/wp-json\/wp\/v2\/media?parent=6734"}],"wp:term":[{"taxonomy":"category","embeddable":true,"href":"https:\/\/centralmedia.rs\/index.php\/wp-json\/wp\/v2\/categories?post=6734"},{"taxonomy":"post_tag","embeddable":true,"href":"https:\/\/centralmedia.rs\/index.php\/wp-json\/wp\/v2\/tags?post=6734"}],"curies":[{"name":"wp","href":"https:\/\/api.w.org\/{rel}","templated":true}]}}