{"id":6775,"date":"2017-02-06T12:56:31","date_gmt":"2017-02-06T12:56:31","guid":{"rendered":"http:\/\/centralmedia.rs\/?p=6775"},"modified":"2017-02-06T12:57:08","modified_gmt":"2017-02-06T12:57:08","slug":"konkurs-objavljen-na-sajtu-grada-jagodina-sa-sest-dana-zakasnjena-pod-datumom-1-februar","status":"publish","type":"post","link":"https:\/\/centralmedia.rs\/index.php\/2017\/02\/06\/konkurs-objavljen-na-sajtu-grada-jagodina-sa-sest-dana-zakasnjena-pod-datumom-1-februar\/","title":{"rendered":"ANTIDATIRANI KONKURS OBJAVLJEN NA SAJTU GRADA JAGODINA SA \u0160EST DANA ZAKA\u0160NJENA POD DATUMOM 1. FEBRUAR"},"content":{"rendered":"<p>JAGODINA-Konkurs za projektno finansiranje medija u Jagodini objavljen je danas na veb strani Grada Jagodina i to pod datumom 1. februar, odnosno \u0161est dana od zvani\u010dnog po\u010detka roka.<\/p>\n<figure id=\"attachment_6777\" aria-describedby=\"caption-attachment-6777\" style=\"width: 960px\" class=\"wp-caption aligncenter\"><a href=\"https:\/\/centralmedia.rs\/wp-content\/uploads\/2017\/02\/konkurs-2-jagodina-g.j..jpg\"><img loading=\"lazy\" decoding=\"async\" class=\"size-full wp-image-6777\" src=\"https:\/\/centralmedia.rs\/wp-content\/uploads\/2017\/02\/konkurs-2-jagodina-g.j..jpg\" alt=\"\" width=\"960\" height=\"720\" srcset=\"https:\/\/centralmedia.rs\/wp-content\/uploads\/2017\/02\/konkurs-2-jagodina-g.j..jpg 960w, https:\/\/centralmedia.rs\/wp-content\/uploads\/2017\/02\/konkurs-2-jagodina-g.j.-300x225.jpg 300w, https:\/\/centralmedia.rs\/wp-content\/uploads\/2017\/02\/konkurs-2-jagodina-g.j.-768x576.jpg 768w, https:\/\/centralmedia.rs\/wp-content\/uploads\/2017\/02\/konkurs-2-jagodina-g.j.-80x60.jpg 80w, https:\/\/centralmedia.rs\/wp-content\/uploads\/2017\/02\/konkurs-2-jagodina-g.j.-265x198.jpg 265w\" sizes=\"(max-width: 960px) 100vw, 960px\" \/><\/a><figcaption id=\"caption-attachment-6777\" class=\"wp-caption-text\">Zvani\u010dni sajt Grada Jagodina ponedeljak 6. februar, Konkurs antidatiran i objavljen pod datumom 1. februar<\/figcaption><\/figure>\n<p>U konkursu je nazna\u010deno da \u0107e konkurs biti objavljen u malotira\u017enom\u00a0 lokalnom nedeljniku i veb strani grada. U lokalno nedeljniku je objavljen 1. februara, ali na zvani\u010dnom sajtu grada tek danas uz niz ispravki. Zbog toga su mediji van Jagodine \u0161est dana bili uskra\u0107eni za informacije o konkursu, ali i za preuzimanje konkursne dokumentacije. Rok za podno\u0161enje prijava po\u010deo je \u00a02. i traje do 9. februara do kada bi zainteresovani mediji trebalo da po\u0161alju projekte, a novinarska udru\u017eenja predloge za \u010dlanove komisije. Pro\u0161le godinu su Nezavisno udru\u017eenje novinara Srbije (NUNS), Nezavisno dru\u0161tvo novinara Vojvodine (NDNV), Asocijacija lokalnih i nezavisnih medija Lokal pres i Asocijacija nezavisnih elektronskih medija (ANEM)<em>\u00a0<\/em>zahtevala od Grada Jagodina poni\u0161taj re\u0161enja o dodeli sredstava za sufinansiranje projekata od javnog interesa u oblasti javnog informisanja iz bud\u017eeta grada Jagodine i ponavljanje javnog konkursa, jer <em>je <\/em>svih 7,2 miliona dinara neimenovana komisija, dodelila za tri projekta RTV Jagodina Kopernikus i to ,, i to na osnovu pau\u0161alnog i nedovoljno ubedljivog obrazlo\u017eenja\u201d<\/p>\n<p>&#8211; Postupanjem Grada Jagodine, javni interes u oblasti javnog informisanja u Gradu Jagodina do\u017eiveo \u201edvostruki udarac\u201c, a Zakon o javno informisanju je vi\u0161estruko prekr\u0161en i izigran, ocenila su ova udru\u017eenja u svom saop\u0161tenju.<\/p>\n<figure id=\"attachment_6778\" aria-describedby=\"caption-attachment-6778\" style=\"width: 960px\" class=\"wp-caption aligncenter\"><a href=\"https:\/\/centralmedia.rs\/wp-content\/uploads\/2017\/02\/kokurs-1-jagodina-g.j..jpg\"><img loading=\"lazy\" decoding=\"async\" class=\"size-full wp-image-6778\" src=\"https:\/\/centralmedia.rs\/wp-content\/uploads\/2017\/02\/kokurs-1-jagodina-g.j..jpg\" alt=\"\" width=\"960\" height=\"414\" srcset=\"https:\/\/centralmedia.rs\/wp-content\/uploads\/2017\/02\/kokurs-1-jagodina-g.j..jpg 960w, https:\/\/centralmedia.rs\/wp-content\/uploads\/2017\/02\/kokurs-1-jagodina-g.j.-300x129.jpg 300w, https:\/\/centralmedia.rs\/wp-content\/uploads\/2017\/02\/kokurs-1-jagodina-g.j.-768x331.jpg 768w\" sizes=\"(max-width: 960px) 100vw, 960px\" \/><\/a><figcaption id=\"caption-attachment-6778\" class=\"wp-caption-text\">Konkurs za projektno finansiranje medija u Jagodini<\/figcaption><\/figure>\n<p>Bud\u017eet za projektno finansiranje medija u 2017 godini iznosi 6,88 miliona dinara i manji je za 7 puta od bud\u017eeta 2015. godine.<\/p>\n","protected":false},"excerpt":{"rendered":"<p>JAGODINA-Konkurs za projektno finansiranje medija u Jagodini objavljen je danas na veb strani Grada Jagodina i to pod datumom 1. februar, odnosno \u0161est dana od &hellip; <\/p>\n","protected":false},"author":4,"featured_media":6776,"comment_status":"open","ping_status":"open","sticky":false,"template":"","format":"standard","meta":{"footnotes":""},"categories":[14,1524,2,1514,12],"tags":[58,1476,137,621],"_links":{"self":[{"href":"https:\/\/centralmedia.rs\/index.php\/wp-json\/wp\/v2\/posts\/6775"}],"collection":[{"href":"https:\/\/centralmedia.rs\/index.php\/wp-json\/wp\/v2\/posts"}],"about":[{"href":"https:\/\/centralmedia.rs\/index.php\/wp-json\/wp\/v2\/types\/post"}],"author":[{"embeddable":true,"href":"https:\/\/centralmedia.rs\/index.php\/wp-json\/wp\/v2\/users\/4"}],"replies":[{"embeddable":true,"href":"https:\/\/centralmedia.rs\/index.php\/wp-json\/wp\/v2\/comments?post=6775"}],"version-history":[{"count":0,"href":"https:\/\/centralmedia.rs\/index.php\/wp-json\/wp\/v2\/posts\/6775\/revisions"}],"wp:featuredmedia":[{"embeddable":true,"href":"https:\/\/centralmedia.rs\/index.php\/wp-json\/wp\/v2\/media\/6776"}],"wp:attachment":[{"href":"https:\/\/centralmedia.rs\/index.php\/wp-json\/wp\/v2\/media?parent=6775"}],"wp:term":[{"taxonomy":"category","embeddable":true,"href":"https:\/\/centralmedia.rs\/index.php\/wp-json\/wp\/v2\/categories?post=6775"},{"taxonomy":"post_tag","embeddable":true,"href":"https:\/\/centralmedia.rs\/index.php\/wp-json\/wp\/v2\/tags?post=6775"}],"curies":[{"name":"wp","href":"https:\/\/api.w.org\/{rel}","templated":true}]}}