{"id":6791,"date":"2017-02-07T13:37:28","date_gmt":"2017-02-07T13:37:28","guid":{"rendered":"http:\/\/centralmedia.rs\/?p=6791"},"modified":"2017-02-07T13:37:28","modified_gmt":"2017-02-07T13:37:28","slug":"vlada-imenovala-nove-clanove-saveta-skole-u-cupriji-direktor-zamenica-podneli-ostavke","status":"publish","type":"post","link":"https:\/\/centralmedia.rs\/index.php\/2017\/02\/07\/vlada-imenovala-nove-clanove-saveta-skole-u-cupriji-direktor-zamenica-podneli-ostavke\/","title":{"rendered":"VLADA IMENOVALA NOVE \u010cLANOVE SAVETA \u0160KOLE U \u0106UPRIJI &#8211; DIREKTOR I ZAMENICA PODNELI OSTAVKE"},"content":{"rendered":"<p>\u0106UPRIJA-Afera oko naloga profesorima da poo\u0161tre uslove za januarski ispitni rok i smanje za tre\u0107inu broj studenata sa polo\u017eenim ispitima u\u00a0Visokoj medicinskoj \u0161koli u \u0106upriji danas je dobila svoj epilog, direktor \u00a0prof dr Dragoslav Ili\u0107 i njegova zamenica dr Biljana Balov podneli ostavke, potvr\u0111eno je u toj \u0161koli. Na prvoj narednoj sednici o njihovom poverenju odlu\u010diva\u0107e Savet te \u0161kole u novom sastavu, jer je u me\u0111uvremenu Vlada Srbije \u00a0izabrala tri nova \u010dlana akademika Milutina Stojkovi\u0107a i profesore sa Medicinskog fakulteta u Kargujevcu dr Dejana Petrovi\u0107a i dr Sr\u0111ana Stefanovi\u0107a. Direktor nije\u00a0 hteo ni da potvrdi, ni da demantuje tu informaciju, dok je iz administrativnih slu\u017ebi te \u0161kole potvr\u0111eno da su njihove funkcije stavljene na raspolaganje Savetu \u0161kole. Predsednik saveta Nikola Miljkovi\u0107 nije se javljao na telefon. Da podsetimo, ministar prosvete Mladen \u0160ar\u010devi\u0107 najavio je da \u0107e prosvetni inspektori obaviti kontrolu rada \u0161kole i da \u0107e ukoliko se ustanove nepravilnosti zatra\u017eiti ostavku direktora, jer ministar nema ingerencije da smenjuje i postavlja direktore, ve\u0107 to \u010dine saveti \u0161kola. Me\u0111utim, javnost nije upoznata sa rezultatima kontrole rada \u0161kole. U \u0106upriji se ve\u0107 naga\u0111a o mogu\u0107em nasledniku a profesor dr Tatjana Simovi\u0107, biv\u0161a direktorka koja ima pravonsan\u017enu presudu da je nezakonito smenjena 2015 godine, isti\u010de da je njen mandat traje do kraja aprila i da bi njen povratak na tu funkciju zna\u010dio povratak \u0161kole u legalni rad. Ona bi u tom slu\u010daju bila zadu\u017eena da sprovede konkurs za novog direktora.<\/p>\n<p>&nbsp;<\/p>\n","protected":false},"excerpt":{"rendered":"<p>\u0106UPRIJA-Afera oko naloga profesorima da poo\u0161tre uslove za januarski ispitni rok i smanje za tre\u0107inu broj studenata sa polo\u017eenim ispitima u\u00a0Visokoj medicinskoj \u0161koli u \u0106upriji &hellip; <\/p>\n","protected":false},"author":4,"featured_media":6353,"comment_status":"open","ping_status":"open","sticky":false,"template":"","format":"standard","meta":{"footnotes":""},"categories":[1515,14,1524,2,12],"tags":[44,1668,1669,497,213],"_links":{"self":[{"href":"https:\/\/centralmedia.rs\/index.php\/wp-json\/wp\/v2\/posts\/6791"}],"collection":[{"href":"https:\/\/centralmedia.rs\/index.php\/wp-json\/wp\/v2\/posts"}],"about":[{"href":"https:\/\/centralmedia.rs\/index.php\/wp-json\/wp\/v2\/types\/post"}],"author":[{"embeddable":true,"href":"https:\/\/centralmedia.rs\/index.php\/wp-json\/wp\/v2\/users\/4"}],"replies":[{"embeddable":true,"href":"https:\/\/centralmedia.rs\/index.php\/wp-json\/wp\/v2\/comments?post=6791"}],"version-history":[{"count":0,"href":"https:\/\/centralmedia.rs\/index.php\/wp-json\/wp\/v2\/posts\/6791\/revisions"}],"wp:featuredmedia":[{"embeddable":true,"href":"https:\/\/centralmedia.rs\/index.php\/wp-json\/wp\/v2\/media\/6353"}],"wp:attachment":[{"href":"https:\/\/centralmedia.rs\/index.php\/wp-json\/wp\/v2\/media?parent=6791"}],"wp:term":[{"taxonomy":"category","embeddable":true,"href":"https:\/\/centralmedia.rs\/index.php\/wp-json\/wp\/v2\/categories?post=6791"},{"taxonomy":"post_tag","embeddable":true,"href":"https:\/\/centralmedia.rs\/index.php\/wp-json\/wp\/v2\/tags?post=6791"}],"curies":[{"name":"wp","href":"https:\/\/api.w.org\/{rel}","templated":true}]}}