{"id":6793,"date":"2017-02-07T15:15:08","date_gmt":"2017-02-07T15:15:08","guid":{"rendered":"http:\/\/centralmedia.rs\/?p=6793"},"modified":"2017-02-07T15:17:10","modified_gmt":"2017-02-07T15:17:10","slug":"nesrecni-biciklista-krenuo-na-rodjendan-u-paracin-sahranjen-na-groblju-u-krusaru","status":"publish","type":"post","link":"https:\/\/centralmedia.rs\/index.php\/2017\/02\/07\/nesrecni-biciklista-krenuo-na-rodjendan-u-paracin-sahranjen-na-groblju-u-krusaru\/","title":{"rendered":"STRADALI BICIKLISTA KRENUO NA RO\u0110ENDAN U PARA\u0106IN &#8211; SAHRANJEN NA GROBLJU U KRU\u0160ARU"},"content":{"rendered":"<p>\u0106UPRIJA-Goran Markovi\u0107 (26) iz Kru\u0161ara kod \u0106uprije sahranjen je u utorak na seoskom groblju. \u00a0On je sa drugom u nedelju po\u0161ao je na ro\u0111endan kod prijatelja u Para\u0107in, ali neposredno pre ulaska u grad autobus ga je usmrtio. Ceo Kru\u0161ar je pomogao porodici Markovi\u0107 oko sahrane.<a href=\"https:\/\/centralmedia.rs\/wp-content\/uploads\/2017\/02\/Cuprija-umrlica-Z.G..jpg\"><img loading=\"lazy\" decoding=\"async\" class=\"alignleft size-medium wp-image-6795\" src=\"https:\/\/centralmedia.rs\/wp-content\/uploads\/2017\/02\/Cuprija-umrlica-Z.G.-300x187.jpg\" alt=\"\" width=\"300\" height=\"187\" srcset=\"https:\/\/centralmedia.rs\/wp-content\/uploads\/2017\/02\/Cuprija-umrlica-Z.G.-300x187.jpg 300w, https:\/\/centralmedia.rs\/wp-content\/uploads\/2017\/02\/Cuprija-umrlica-Z.G.-768x479.jpg 768w, https:\/\/centralmedia.rs\/wp-content\/uploads\/2017\/02\/Cuprija-umrlica-Z.G.-1024x638.jpg 1024w\" sizes=\"(max-width: 300px) 100vw, 300px\" \/><\/a><\/p>\n<p>-Hteo svoje prijatelje iz Para\u0107ina da pozove na ro\u0111endan koji je trebalo da proslavi u sredu. Imao je veliko dru\u0161tvo u Para\u0107inu i \u0106upriji i za svaki ro\u0111endan su se organizovali. Mladi\u0107 koji je bio sa njim, vozio je iza njega, a voza\u010d autobusa ga je zaobi\u0161ao, pri\u010dali su ju\u010de ro\u0111aci.<\/p>\n<p>Oni ka\u017eu da je Goran je bio pravi doma\u0107in, kao i njegova bra\u0107a. Zaposlio se kod jednog privatnika u selu. Bio je dobar radnik, bez primedbe. Porodica Markovi\u0107, \u017eivi veoma te\u0161ko i skromno. Detinjstvo Gorana i bra\u0107e, starijeg Radovana i mla\u0111eg Dejana, pro\u0161lo u siroma\u0161tvu. Ina\u010de, sva trojica bra\u0107e radili su pod nadnicu i\u00a0 nijedan posao u selu nisu odbijali.<\/p>\n<p>Velika tragedija nas je zadesila, nismo jo\u0161 svesni. Majka Nevenka cvili, jau\u010de od bola. Od ro\u0111enja je namu\u010dena. Svaki gubitak mladog \u010doveka je te\u017eak, ali najte\u017ee je kada pogine neko tvoj. Stra\u0161no. Izgubili smo na\u0161u uzdanicu, pri\u010da Nevenkina sestra Sne\u017eana.<\/p>\n<p>Goran je sa bra\u0107om renovirao ku\u0107u, spremao se da kre\u010di i menja podove. Zavr\u0161io sa ure\u0111enjem pomo\u0107nih objekata.<\/p>\n<p>Nesre\u0107ni biciklista je u nedelju oko 17.30 smrtno stradao u saobra\u0107ajnoj nesre\u0107i na regionalnom putu \u0106uprija \u2013 Para\u0107inu, kada ga je otpozadi udario autobus koji se mimoilazio sa vozilom koje mu je i\u0161lo u susret. Protiv voza\u010da para\u0107inskog \u201eEurolina\u201c G.\u0110. (42) podneta je krivi\u010dnu prijavu za te\u0161ko delo protiv bezbednosti javnog saobra\u0107aja. Preliminarni podaci istrage pokazuju da je biciklista bio neosvetljen, \u0161to je uslovilo da ga voza\u010d autobusa ne primeti na vreme.<\/p>\n<p>&nbsp;<\/p>\n","protected":false},"excerpt":{"rendered":"<p>\u0106UPRIJA-Goran Markovi\u0107 (26) iz Kru\u0161ara kod \u0106uprije sahranjen je u utorak na seoskom groblju. \u00a0On je sa drugom u nedelju po\u0161ao je na ro\u0111endan kod &hellip; <\/p>\n","protected":false},"author":4,"featured_media":6794,"comment_status":"open","ping_status":"open","sticky":false,"template":"","format":"standard","meta":{"footnotes":""},"categories":[1515,1524,20,2],"tags":[1663,1664,44,1670],"_links":{"self":[{"href":"https:\/\/centralmedia.rs\/index.php\/wp-json\/wp\/v2\/posts\/6793"}],"collection":[{"href":"https:\/\/centralmedia.rs\/index.php\/wp-json\/wp\/v2\/posts"}],"about":[{"href":"https:\/\/centralmedia.rs\/index.php\/wp-json\/wp\/v2\/types\/post"}],"author":[{"embeddable":true,"href":"https:\/\/centralmedia.rs\/index.php\/wp-json\/wp\/v2\/users\/4"}],"replies":[{"embeddable":true,"href":"https:\/\/centralmedia.rs\/index.php\/wp-json\/wp\/v2\/comments?post=6793"}],"version-history":[{"count":0,"href":"https:\/\/centralmedia.rs\/index.php\/wp-json\/wp\/v2\/posts\/6793\/revisions"}],"wp:featuredmedia":[{"embeddable":true,"href":"https:\/\/centralmedia.rs\/index.php\/wp-json\/wp\/v2\/media\/6794"}],"wp:attachment":[{"href":"https:\/\/centralmedia.rs\/index.php\/wp-json\/wp\/v2\/media?parent=6793"}],"wp:term":[{"taxonomy":"category","embeddable":true,"href":"https:\/\/centralmedia.rs\/index.php\/wp-json\/wp\/v2\/categories?post=6793"},{"taxonomy":"post_tag","embeddable":true,"href":"https:\/\/centralmedia.rs\/index.php\/wp-json\/wp\/v2\/tags?post=6793"}],"curies":[{"name":"wp","href":"https:\/\/api.w.org\/{rel}","templated":true}]}}