{"id":6806,"date":"2017-02-11T11:24:19","date_gmt":"2017-02-11T11:24:19","guid":{"rendered":"http:\/\/centralmedia.rs\/?p=6806"},"modified":"2017-02-11T11:24:19","modified_gmt":"2017-02-11T11:24:19","slug":"predsednicki-izbori-nova-stranka-nacionalisti-iz-regiona-imaju-dogovor","status":"publish","type":"post","link":"https:\/\/centralmedia.rs\/index.php\/2017\/02\/11\/predsednicki-izbori-nova-stranka-nacionalisti-iz-regiona-imaju-dogovor\/","title":{"rendered":"PREDSEDNI\u010cKI IZBORI &#8211; NOVA STRANKA: NACIONALISTI IZ REGIONA IMAJU DOGOVOR"},"content":{"rendered":"<p>JAGODINA-Predsednik Nove stranke Zoran \u017divkovi\u0107 izjavio je u Jagodini da mu se \u010dini da, u predizbornim danima, \u00a0nacionalisti u Srbiji, Hrvatskoj i Kosovu imaju dogovor i da stalno di\u017eu tenziju, a onda svojim \u010dudotvornim delovanjem to re\u0161avaju, \u0161to svakako nije ta\u010dno.<\/p>\n<p>-Dokaz\u00a0 za to je da su HDZ i SNS u istom evropskom udru\u017eenju politi\u010dkih partija, ba\u0161tine neku pro\u0161lost, a neko zlonamerniji od mene bi rekao da biv\u0161i \u010detnici, usta\u0161e, balije i U\u010cK sada vladaju, te nere\u0161eno nacionalno pitanje koriste za podizajnje tenzija i svoje \u010dudotvorno delovanje, rekao je on i ocenio da je Srbiji i regionu potrebna politika 21. veka, politika po\u0161tovanja doma\u0107eg i me\u0111unarodnog prava, pravde i institucija.<\/p>\n<p>-Sa srpske strane na\u0161 doprinos celom regionu treba da bude da za po\u010detak izaberemo pravog predsednika. Ono \u0161to bi mogli da nazovemo kandidatima opozicije to je na\u0161 kandidat Sa\u0161a Jankovi\u0107 i Vuk Jeremi\u0107. U prvom krugu svi imaju \u0161anse, a izvesno da \u0107e u drugom krugu biti kandidat vladaju\u0107e koalicije i Sa\u0161a Jankovi\u0107, istakao je \u017divkovi\u0107.<\/p>\n<p>On je naglasio da je vrlo je interesantno interesovanje javnosti prema opozicionom kandidatu ,,kada imamo sitauciju da SNS ima tri potencijalna kandidata Vu\u010di\u0107, Nikoli\u0107 ili tajni kandidat\u201c.<\/p>\n<p>&#8211; To je od ve\u0107eg interesa. Opozicija je raznorodna nismo svi istog ideolo\u0161kog diskursa, nemamo svi iste ciljeve na ovim izborima, tako da je logi\u010dno da imamo vi\u0161e kandidata. I \u0160e\u0161elj se predstvlja kao opozicija mada to nije i mnogi drugi koji \u0107e se kandidovati nisu Vu\u010di\u0107eva opozicija, zaklju\u010dio je on.<\/p>\n<p>&nbsp;<\/p>\n<p>&nbsp;<\/p>\n","protected":false},"excerpt":{"rendered":"<p>JAGODINA-Predsednik Nove stranke Zoran \u017divkovi\u0107 izjavio je u Jagodini da mu se \u010dini da, u predizbornim danima, \u00a0nacionalisti u Srbiji, Hrvatskoj i Kosovu imaju dogovor &hellip; <\/p>\n","protected":false},"author":4,"featured_media":6807,"comment_status":"open","ping_status":"open","sticky":false,"template":"","format":"standard","meta":{"footnotes":""},"categories":[1524,2,1514,13,12],"tags":[643,1674,1673],"_links":{"self":[{"href":"https:\/\/centralmedia.rs\/index.php\/wp-json\/wp\/v2\/posts\/6806"}],"collection":[{"href":"https:\/\/centralmedia.rs\/index.php\/wp-json\/wp\/v2\/posts"}],"about":[{"href":"https:\/\/centralmedia.rs\/index.php\/wp-json\/wp\/v2\/types\/post"}],"author":[{"embeddable":true,"href":"https:\/\/centralmedia.rs\/index.php\/wp-json\/wp\/v2\/users\/4"}],"replies":[{"embeddable":true,"href":"https:\/\/centralmedia.rs\/index.php\/wp-json\/wp\/v2\/comments?post=6806"}],"version-history":[{"count":0,"href":"https:\/\/centralmedia.rs\/index.php\/wp-json\/wp\/v2\/posts\/6806\/revisions"}],"wp:featuredmedia":[{"embeddable":true,"href":"https:\/\/centralmedia.rs\/index.php\/wp-json\/wp\/v2\/media\/6807"}],"wp:attachment":[{"href":"https:\/\/centralmedia.rs\/index.php\/wp-json\/wp\/v2\/media?parent=6806"}],"wp:term":[{"taxonomy":"category","embeddable":true,"href":"https:\/\/centralmedia.rs\/index.php\/wp-json\/wp\/v2\/categories?post=6806"},{"taxonomy":"post_tag","embeddable":true,"href":"https:\/\/centralmedia.rs\/index.php\/wp-json\/wp\/v2\/tags?post=6806"}],"curies":[{"name":"wp","href":"https:\/\/api.w.org\/{rel}","templated":true}]}}