{"id":6809,"date":"2017-02-11T11:28:12","date_gmt":"2017-02-11T11:28:12","guid":{"rendered":"http:\/\/centralmedia.rs\/?p=6809"},"modified":"2017-02-11T11:35:24","modified_gmt":"2017-02-11T11:35:24","slug":"izabrano-rukovodstvo-nove-stranke-katarina-jokic-nesto-mnogo-ne-valja-u-jagodini","status":"publish","type":"post","link":"https:\/\/centralmedia.rs\/index.php\/2017\/02\/11\/izabrano-rukovodstvo-nove-stranke-katarina-jokic-nesto-mnogo-ne-valja-u-jagodini\/","title":{"rendered":"IZABRANO RUKOVODSTVO NOVE STRANKE &#8211; KATARINA JOKI\u0106 ,,NE\u0160TO MNOGO NE VALJA U JAGODINI\u201c"},"content":{"rendered":"<p>JAGODINA-Predsednica \u00a0Nove stranke u Jagodini Katarina Joki\u0107, posle izbora na tu funkciju, \u00a0ocenila je da ,,ne\u0161to mnogo ne valja u Jagodini\u201c i najavila da \u0107e zahtevati ,,javnost i transparentnost u radu\u201c lokalne samouprave i javnih preduze\u0107a.<\/p>\n<p>-Na\u0161 osnovni cilj i zadatak bi\u0107e javnosti i transparenstnost u radu. Gra\u0111ani moraju da znaju odluke koje su donete, kada su donete i za\u0161to su donete, dodala je ona.<a href=\"https:\/\/centralmedia.rs\/wp-content\/uploads\/2017\/02\/zoran-zivkovic-i-katarina-jokic-jagodina-g.j..jpg\"><img loading=\"lazy\" decoding=\"async\" class=\"alignleft size-medium wp-image-6811\" src=\"https:\/\/centralmedia.rs\/wp-content\/uploads\/2017\/02\/zoran-zivkovic-i-katarina-jokic-jagodina-g.j.-300x147.jpg\" alt=\"\" width=\"300\" height=\"147\" srcset=\"https:\/\/centralmedia.rs\/wp-content\/uploads\/2017\/02\/zoran-zivkovic-i-katarina-jokic-jagodina-g.j.-300x147.jpg 300w, https:\/\/centralmedia.rs\/wp-content\/uploads\/2017\/02\/zoran-zivkovic-i-katarina-jokic-jagodina-g.j.-768x376.jpg 768w, https:\/\/centralmedia.rs\/wp-content\/uploads\/2017\/02\/zoran-zivkovic-i-katarina-jokic-jagodina-g.j.-1024x501.jpg 1024w, https:\/\/centralmedia.rs\/wp-content\/uploads\/2017\/02\/zoran-zivkovic-i-katarina-jokic-jagodina-g.j.-324x160.jpg 324w, https:\/\/centralmedia.rs\/wp-content\/uploads\/2017\/02\/zoran-zivkovic-i-katarina-jokic-jagodina-g.j.-533x261.jpg 533w, https:\/\/centralmedia.rs\/wp-content\/uploads\/2017\/02\/zoran-zivkovic-i-katarina-jokic-jagodina-g.j..jpg 1227w\" sizes=\"(max-width: 300px) 100vw, 300px\" \/><\/a><\/p>\n<p>-\u010ceka nas veliki posao, jer kre\u0107emo o nule. Prosek zarada u Jagodini je ispod 33 hiljade dinara, 15.000 nezaposlenih, gu\u0161e se sindikati, nedostatak kulturnog delovanja, nema opozicije, odbornici u skup\u0161tini glasaju jednoglasno, dakle to ne\u0161to ne valja. Ne mo\u017ee sednica skup\u0161tine grada da traje 5 minuta. Lokalna samouprava mora da krene transparentnije da radi, objasnila je Katarina Joki\u0107 osnove delovanja Nove stranke u Jagodini.<\/p>\n<p>Izbornoj sednici prisustvovao je predsedniik Nove stranke Zoran \u017divkovi\u0107 sa saradnicima.<\/p>\n","protected":false},"excerpt":{"rendered":"<p>JAGODINA-Predsednica \u00a0Nove stranke u Jagodini Katarina Joki\u0107, posle izbora na tu funkciju, \u00a0ocenila je da ,,ne\u0161to mnogo ne valja u Jagodini\u201c i najavila da \u0107e &hellip; <\/p>\n","protected":false},"author":4,"featured_media":6810,"comment_status":"open","ping_status":"open","sticky":false,"template":"","format":"standard","meta":{"footnotes":""},"categories":[1524,2,1514,13,12],"tags":[58,299],"_links":{"self":[{"href":"https:\/\/centralmedia.rs\/index.php\/wp-json\/wp\/v2\/posts\/6809"}],"collection":[{"href":"https:\/\/centralmedia.rs\/index.php\/wp-json\/wp\/v2\/posts"}],"about":[{"href":"https:\/\/centralmedia.rs\/index.php\/wp-json\/wp\/v2\/types\/post"}],"author":[{"embeddable":true,"href":"https:\/\/centralmedia.rs\/index.php\/wp-json\/wp\/v2\/users\/4"}],"replies":[{"embeddable":true,"href":"https:\/\/centralmedia.rs\/index.php\/wp-json\/wp\/v2\/comments?post=6809"}],"version-history":[{"count":0,"href":"https:\/\/centralmedia.rs\/index.php\/wp-json\/wp\/v2\/posts\/6809\/revisions"}],"wp:featuredmedia":[{"embeddable":true,"href":"https:\/\/centralmedia.rs\/index.php\/wp-json\/wp\/v2\/media\/6810"}],"wp:attachment":[{"href":"https:\/\/centralmedia.rs\/index.php\/wp-json\/wp\/v2\/media?parent=6809"}],"wp:term":[{"taxonomy":"category","embeddable":true,"href":"https:\/\/centralmedia.rs\/index.php\/wp-json\/wp\/v2\/categories?post=6809"},{"taxonomy":"post_tag","embeddable":true,"href":"https:\/\/centralmedia.rs\/index.php\/wp-json\/wp\/v2\/tags?post=6809"}],"curies":[{"name":"wp","href":"https:\/\/api.w.org\/{rel}","templated":true}]}}