{"id":683,"date":"2015-10-17T10:13:45","date_gmt":"2015-10-17T10:13:45","guid":{"rendered":"http:\/\/centralmedia.rs\/?p=683"},"modified":"2015-10-17T10:13:45","modified_gmt":"2015-10-17T10:13:45","slug":"palmasrbija-nikada-nece-uvesti-sankcije-rusiji","status":"publish","type":"post","link":"https:\/\/centralmedia.rs\/index.php\/2015\/10\/17\/palmasrbija-nikada-nece-uvesti-sankcije-rusiji\/","title":{"rendered":"PALMA:SRBIJA NIKADA NE\u0106E UVESTI SANKCIJE RUSIJI"},"content":{"rendered":"<p>JAGODINA-Predsednik Skup\u0161tine grada Jagodina Dragan Markovi\u0107 Palma je izjavio danas da Srbija nikada ne\u0107e uvesti sankcije Rusiji, niti \u0107e priznati nezavisnost Kosova i Metohije.<br \/>\nNa sve\u010danoj sednici u Skup\u0161tini grada, povodom 17. oktobra, Dana oslobo\u0111enja Jagodine u Drugom svetskom ratu, Markovi\u0107 je rekao da je Srbija zahvalna na tome \u0161to je Crvena armija pomogla da se oslobodi Jagodina i Pomoravlje od fa\u0161izma.<br \/>\n \t-Zala\u017eemo se da u\u0111emo u Evropsku uniju (EU) ali nama ovakva Evropa sa zidovima i sa \u017eicom nije poznata. To nije ona Evropa za koju se mi zala\u017eemo. Kada to ka\u017eem , ne mislim da Srbija ne treba da u\u0111e u EU, rekao je Markovi\u0107.<br \/>\n\tSrbija je, ka\u017ee Markovi\u0107, jedina zemlja slobodna zemlja gde se po\u0161tuju ljudska prava onih koji ovde \u017eive i onih koji su ovde u tranzitu.<br \/>\n\t-Stalni nam \u010destitaju, ka\u017eu da smo se popravili, a iz meseca u mesec tra\u017ee neki novi zahtev od Srbije. Nikada ne\u0107emo priznati nezavisnost Kosova i Metohije, ustvrdio je Markovi\u0107.<br \/>\n\tMarkovi\u0107 ka\u017ee da strani invetsitori \u017eele da do\u0111u u Srbiju jer ovde postoji  politi\u010dka i ekonomska stabilnost.<br \/>\n-Ovaj grad ima najve\u0107i rezultat u Srbiji kada je u pitanju dolazak stranih investitora. To priznanje nam je dao ambasador Italije Manco koji je bio na otvaranju fabrike Vibak je rekao ,,Dobar dan, mala Italijo.\u201c. Jagodina pru\u017ea najbolju logistiku investitorima, tako da \u0107emo slede\u0107e godine imati \u0161to ugovoreno, \u0161to napravljeno 15 fabrika u Industrijskoj zoni, rekao je Markovi\u0107.<br \/>\nMarkovi\u0107 je istakao da podr\u017eava rad premijera Srbije Aleksandra Vu\u010di\u0107a jer ,,taj ambijent koji je on stvorio za dolazak stranih investitora, treba da iskoristimo\u201c.<br \/>\n-\u017delim da \u010destitam SNS jer je danas sedam godina kako je formirana ove stranka. \u017delim im da rade, da se bore za Srbiju i da po\u0161tuju ono \u0161to ka\u017ee njihov predsednik Aleksandar Vu\u010di\u0107, rekao je Markovi\u0107 i dodao da je i on jedan od gostiju koji su pozvani na proslavu.<\/p>\n","protected":false},"excerpt":{"rendered":"<p>JAGODINA-Predsednik Skup\u0161tine grada Jagodina Dragan Markovi\u0107 Palma je izjavio danas da Srbija nikada ne\u0107e uvesti sankcije Rusiji, niti \u0107e priznati nezavisnost Kosova i Metohije. Na &hellip; <\/p>\n","protected":false},"author":4,"featured_media":681,"comment_status":"open","ping_status":"open","sticky":false,"template":"","format":"standard","meta":{"footnotes":""},"categories":[13,12],"tags":[143,120,141,142],"_links":{"self":[{"href":"https:\/\/centralmedia.rs\/index.php\/wp-json\/wp\/v2\/posts\/683"}],"collection":[{"href":"https:\/\/centralmedia.rs\/index.php\/wp-json\/wp\/v2\/posts"}],"about":[{"href":"https:\/\/centralmedia.rs\/index.php\/wp-json\/wp\/v2\/types\/post"}],"author":[{"embeddable":true,"href":"https:\/\/centralmedia.rs\/index.php\/wp-json\/wp\/v2\/users\/4"}],"replies":[{"embeddable":true,"href":"https:\/\/centralmedia.rs\/index.php\/wp-json\/wp\/v2\/comments?post=683"}],"version-history":[{"count":0,"href":"https:\/\/centralmedia.rs\/index.php\/wp-json\/wp\/v2\/posts\/683\/revisions"}],"wp:featuredmedia":[{"embeddable":true,"href":"https:\/\/centralmedia.rs\/index.php\/wp-json\/wp\/v2\/media\/681"}],"wp:attachment":[{"href":"https:\/\/centralmedia.rs\/index.php\/wp-json\/wp\/v2\/media?parent=683"}],"wp:term":[{"taxonomy":"category","embeddable":true,"href":"https:\/\/centralmedia.rs\/index.php\/wp-json\/wp\/v2\/categories?post=683"},{"taxonomy":"post_tag","embeddable":true,"href":"https:\/\/centralmedia.rs\/index.php\/wp-json\/wp\/v2\/tags?post=683"}],"curies":[{"name":"wp","href":"https:\/\/api.w.org\/{rel}","templated":true}]}}