{"id":6862,"date":"2017-02-20T10:44:06","date_gmt":"2017-02-20T10:44:06","guid":{"rendered":"http:\/\/centralmedia.rs\/?p=6862"},"modified":"2017-02-20T10:44:06","modified_gmt":"2017-02-20T10:44:06","slug":"zakucao-se-u-banderu-predhodno-pokosio-drvored","status":"publish","type":"post","link":"https:\/\/centralmedia.rs\/index.php\/2017\/02\/20\/zakucao-se-u-banderu-predhodno-pokosio-drvored\/","title":{"rendered":"ZAKUCAO SE U BANDERU, PREDHODNO POKOSIO DRVORED"},"content":{"rendered":"<p>PARA\u0106IN-Voza\u010d opela te\u0161ko je povre\u0111en u saobra\u0107ajnoj nezgodi u uliaci Kralja Petra u Para\u0107inu sino\u0107 oko 22 sata, kada je iz nepoznatih razloga u punoj brzini skrenuo na trotoar pokosio nekoliko drveta i udario u banderu.<\/p>\n<div id='gallery-1' class='gallery galleryid-6862 gallery-columns-2 gallery-size-thumbnail'><figure class='gallery-item'>\n\t\t\t<div class='gallery-icon landscape'>\n\t\t\t\t<a href='https:\/\/centralmedia.rs\/index.php\/2017\/02\/20\/zakucao-se-u-banderu-predhodno-pokosio-drvored\/saobracajka-1\/'><img loading=\"lazy\" decoding=\"async\" width=\"150\" height=\"150\" src=\"https:\/\/centralmedia.rs\/wp-content\/uploads\/2017\/02\/saobracajka-1-150x150.jpg\" class=\"attachment-thumbnail size-thumbnail\" alt=\"\" \/><\/a>\n\t\t\t<\/div><\/figure><figure class='gallery-item'>\n\t\t\t<div class='gallery-icon landscape'>\n\t\t\t\t<a href='https:\/\/centralmedia.rs\/index.php\/2017\/02\/20\/zakucao-se-u-banderu-predhodno-pokosio-drvored\/saobracajka-2\/'><img loading=\"lazy\" decoding=\"async\" width=\"150\" height=\"150\" src=\"https:\/\/centralmedia.rs\/wp-content\/uploads\/2017\/02\/saobracajka-2-150x150.jpg\" class=\"attachment-thumbnail size-thumbnail\" alt=\"\" \/><\/a>\n\t\t\t<\/div><\/figure>\n\t\t<\/div>\n\n<p>Voza\u010d je sa te\u0161kim telesnim povredama hospitalizovan u \u0107uprijskoj bolnici, \u017eivot mu nije ugro\u017een, dok je suvoza\u010d nepovre\u0111en.<\/p>\n","protected":false},"excerpt":{"rendered":"<p>PARA\u0106IN-Voza\u010d opela te\u0161ko je povre\u0111en u saobra\u0107ajnoj nezgodi u uliaci Kralja Petra u Para\u0107inu sino\u0107 oko 22 sata, kada je iz nepoznatih razloga u punoj &hellip; <\/p>\n","protected":false},"author":4,"featured_media":6863,"comment_status":"open","ping_status":"open","sticky":false,"template":"","format":"standard","meta":{"footnotes":""},"categories":[1524,20,2,1516],"tags":[156,290,1683],"_links":{"self":[{"href":"https:\/\/centralmedia.rs\/index.php\/wp-json\/wp\/v2\/posts\/6862"}],"collection":[{"href":"https:\/\/centralmedia.rs\/index.php\/wp-json\/wp\/v2\/posts"}],"about":[{"href":"https:\/\/centralmedia.rs\/index.php\/wp-json\/wp\/v2\/types\/post"}],"author":[{"embeddable":true,"href":"https:\/\/centralmedia.rs\/index.php\/wp-json\/wp\/v2\/users\/4"}],"replies":[{"embeddable":true,"href":"https:\/\/centralmedia.rs\/index.php\/wp-json\/wp\/v2\/comments?post=6862"}],"version-history":[{"count":0,"href":"https:\/\/centralmedia.rs\/index.php\/wp-json\/wp\/v2\/posts\/6862\/revisions"}],"wp:featuredmedia":[{"embeddable":true,"href":"https:\/\/centralmedia.rs\/index.php\/wp-json\/wp\/v2\/media\/6863"}],"wp:attachment":[{"href":"https:\/\/centralmedia.rs\/index.php\/wp-json\/wp\/v2\/media?parent=6862"}],"wp:term":[{"taxonomy":"category","embeddable":true,"href":"https:\/\/centralmedia.rs\/index.php\/wp-json\/wp\/v2\/categories?post=6862"},{"taxonomy":"post_tag","embeddable":true,"href":"https:\/\/centralmedia.rs\/index.php\/wp-json\/wp\/v2\/tags?post=6862"}],"curies":[{"name":"wp","href":"https:\/\/api.w.org\/{rel}","templated":true}]}}