{"id":688,"date":"2015-10-17T10:26:12","date_gmt":"2015-10-17T10:26:12","guid":{"rendered":"http:\/\/centralmedia.rs\/?p=688"},"modified":"2015-10-17T10:26:12","modified_gmt":"2015-10-17T10:26:12","slug":"vulinsrbija-nije-logor-zasticemo-granice","status":"publish","type":"post","link":"https:\/\/centralmedia.rs\/index.php\/2015\/10\/17\/vulinsrbija-nije-logor-zasticemo-granice\/","title":{"rendered":"VULIN:SRBIJA NIJE LOGOR,  ZA\u0160TI\u0106EMO GRANICE"},"content":{"rendered":"<p>Ministar za rad i socijalnu politiku Aleksandar Vulin izjavio je danas u Jagodini pred dvestotine pristalica da \u0107e Srbija ukoliko sve zemlje budu zatvarale granice voditi ra\u010duna o svojim interesima, te da Srbija ne\u0107e biti ,,koncentracioni logor\u201c .<br \/>\n-Dr\u017eava Srbija \u0107e voditi ra\u010duna, vrlo \u0107emo pratiti \u0161ta se de\u0161ava svim granica i zadr\u017ea\u0107emo pravo da \u0161titimo sebe i svoje granice. Ko god bude na prostoru Srbije bi\u0107e zbrinut, medicinski za\u0161ti\u0107en, dete se ne\u0107e smrznuti, ne\u0107e ostati gladno.Ali, da \u0107e Srbija biti prihvatni centar na kome \u0107e se migranti prikupljati sa bliskog istoka to sigurno ne\u0107e, jer Srbija nije koncentracioni logor i mi te ljude ne\u0107emo terati da ostanu na na\u0161oj teritoriji, rekao je on.<br \/>\n\tVulin je istakao  da je u ovom trenutku oko 700 migranata je u Pre\u0161evu i da se o\u010dekuje da do kraj dana bude blizu 3.000.<br \/>\n-Ne znam planove drugih dr\u017eava, pa\u017eljivo pratimo situaciju. Trenutna situacija na granici izme\u0111u Srbije i Hrvatske je potpuno normalna, migranti prelaze na svim prelazima, zaklju\u010dio je on.<br \/>\n<a href=\"https:\/\/centralmedia.rs\/wp-content\/uploads\/2015\/10\/vulin-jagodina-g.j..jpg\"><img loading=\"lazy\" decoding=\"async\" src=\"https:\/\/centralmedia.rs\/wp-content\/uploads\/2015\/10\/vulin-jagodina-g.j..jpg\" alt=\"vulin-jagodina-g.j.\" width=\"900\" height=\"619\" class=\"alignnone size-full wp-image-686\" srcset=\"https:\/\/centralmedia.rs\/wp-content\/uploads\/2015\/10\/vulin-jagodina-g.j..jpg 900w, https:\/\/centralmedia.rs\/wp-content\/uploads\/2015\/10\/vulin-jagodina-g.j.-300x206.jpg 300w, https:\/\/centralmedia.rs\/wp-content\/uploads\/2015\/10\/vulin-jagodina-g.j.-100x70.jpg 100w, https:\/\/centralmedia.rs\/wp-content\/uploads\/2015\/10\/vulin-jagodina-g.j.-218x150.jpg 218w\" sizes=\"(max-width: 900px) 100vw, 900px\" \/><\/a><br \/>\nNE MO\u017dEMO DA PRIZNAMO KOSOVO<br \/>\nMinistar Vulin je istakao da Srbija ne mo\u017ee da prizna Kosovo i da je to uslov EU koji ne mo\u017ee ostvariti.<br \/>\n\t-Znam da predsednik vlade Vu\u010di\u0107 intezivno radi na tome da uslovi koji su pred nama budu po\u0161teniji i ostvarivi. Postoje uslovi koje je nemogu\u0107e ostvariti, jedan od njih je priznanje Kosova. Znam da \u0107emo dati sve od sebe, vi\u0161e do toga niko ne mo\u017ee da tra\u017ei i grantuje, rekao je on.<br \/>\nKada je re\u010d o most u Kosovskoj Mitrovici, Vulin je naglasio da je veliki dobitak iz pro\u0161lih pregovora da se severna i ju\u017ena Mitrovica administrativno razgrani\u010de.<\/p>\n","protected":false},"excerpt":{"rendered":"<p>Ministar za rad i socijalnu politiku Aleksandar Vulin izjavio je danas u Jagodini pred dvestotine pristalica da \u0107e Srbija ukoliko sve zemlje budu zatvarale granice &hellip; <\/p>\n","protected":false},"author":4,"featured_media":689,"comment_status":"open","ping_status":"open","sticky":false,"template":"","format":"standard","meta":{"footnotes":""},"categories":[13,12],"tags":[148,147,144],"_links":{"self":[{"href":"https:\/\/centralmedia.rs\/index.php\/wp-json\/wp\/v2\/posts\/688"}],"collection":[{"href":"https:\/\/centralmedia.rs\/index.php\/wp-json\/wp\/v2\/posts"}],"about":[{"href":"https:\/\/centralmedia.rs\/index.php\/wp-json\/wp\/v2\/types\/post"}],"author":[{"embeddable":true,"href":"https:\/\/centralmedia.rs\/index.php\/wp-json\/wp\/v2\/users\/4"}],"replies":[{"embeddable":true,"href":"https:\/\/centralmedia.rs\/index.php\/wp-json\/wp\/v2\/comments?post=688"}],"version-history":[{"count":0,"href":"https:\/\/centralmedia.rs\/index.php\/wp-json\/wp\/v2\/posts\/688\/revisions"}],"wp:featuredmedia":[{"embeddable":true,"href":"https:\/\/centralmedia.rs\/index.php\/wp-json\/wp\/v2\/media\/689"}],"wp:attachment":[{"href":"https:\/\/centralmedia.rs\/index.php\/wp-json\/wp\/v2\/media?parent=688"}],"wp:term":[{"taxonomy":"category","embeddable":true,"href":"https:\/\/centralmedia.rs\/index.php\/wp-json\/wp\/v2\/categories?post=688"},{"taxonomy":"post_tag","embeddable":true,"href":"https:\/\/centralmedia.rs\/index.php\/wp-json\/wp\/v2\/tags?post=688"}],"curies":[{"name":"wp","href":"https:\/\/api.w.org\/{rel}","templated":true}]}}