{"id":6882,"date":"2017-02-20T22:17:49","date_gmt":"2017-02-20T22:17:49","guid":{"rendered":"http:\/\/centralmedia.rs\/?p=6882"},"modified":"2017-02-20T22:17:49","modified_gmt":"2017-02-20T22:17:49","slug":"razbojnik-seje-strah-u-jagodini-nastavljena-serija-pljacki-menjacnica","status":"publish","type":"post","link":"https:\/\/centralmedia.rs\/index.php\/2017\/02\/20\/razbojnik-seje-strah-u-jagodini-nastavljena-serija-pljacki-menjacnica\/","title":{"rendered":"RAZBOJNIK SEJE STRAH U JAGODINI &#8211; NASTAVLJENA SERIJA PLJA\u010cKI MENJA\u010cNICA"},"content":{"rendered":"<p>JAGODINA- Menja\u010dnica ,,Bell\u201c u ulici Knjeginje Milice u Jagodini ve\u010deras oko 20 sati je oplja\u010dkana. Za sada nisu poznati detalji razbojni\u0161tva, ali sude\u0107i po veoma prometnoj lokaciji i vremenu plja\u010dke razbojnici nisu marili zbog velikog broja potencijalnih svedoka. Pre nekoliko dana oplja\u010dkana je menja\u010dnica \u00a0,,Zlatna para\u201c na uglu ulica Gine Pajevi\u0107 i Kapetana Ko\u010de i to je bila peta je u nizu oplja\u010dkanih u proteklih godinu i po\u00a0 dana. I ta\u00a0 menja\u010dnica nalazi se na veoma prometnoj lokaciji u blizini Zelene pijace. Razbojnik sa fantomkom na glavi je i uz pretnju\u00a0 vatrenim oru\u017ejem oplja\u010dkao nekoliko hiljada evra. Predhodne \u010detiri plja\u010dke menja\u010dnice dogodile su se tako\u0111e dogodile u centru grada i prometnim lokacijma i uz pretnju pi\u0161toljem. Gotovo sve plja\u010dke odigravaju po istom sistemu, odnosno razbojnik \u00a0sa fantomkom na glavi uz pretnju pi\u0161toljem seje strah i vr\u0161i razbojni\u0161tvo. Policija je ranije preko medija upu\u0107ivala pozive gra\u0111anima za pomo\u0107 i \u010dak obajviljivala fotografije lica koje je izvr\u0161ilo jednu od plja\u010dki pi\u0161toljem. U Jagodini je 2013. godine ubijen vlasnik menja\u010dnice Milenko Savi\u0107 (45), ubistvo nije rasvetljeno.<\/p>\n<p>&nbsp;<\/p>\n<p>&nbsp;<\/p>\n","protected":false},"excerpt":{"rendered":"<p>JAGODINA- Menja\u010dnica ,,Bell\u201c u ulici Knjeginje Milice u Jagodini ve\u010deras oko 20 sati je oplja\u010dkana. Za sada nisu poznati detalji razbojni\u0161tva, ali sude\u0107i po veoma &hellip; <\/p>\n","protected":false},"author":4,"featured_media":6883,"comment_status":"open","ping_status":"open","sticky":false,"template":"","format":"standard","meta":{"footnotes":""},"categories":[1524,20,2,1514],"tags":[58,128,1031],"_links":{"self":[{"href":"https:\/\/centralmedia.rs\/index.php\/wp-json\/wp\/v2\/posts\/6882"}],"collection":[{"href":"https:\/\/centralmedia.rs\/index.php\/wp-json\/wp\/v2\/posts"}],"about":[{"href":"https:\/\/centralmedia.rs\/index.php\/wp-json\/wp\/v2\/types\/post"}],"author":[{"embeddable":true,"href":"https:\/\/centralmedia.rs\/index.php\/wp-json\/wp\/v2\/users\/4"}],"replies":[{"embeddable":true,"href":"https:\/\/centralmedia.rs\/index.php\/wp-json\/wp\/v2\/comments?post=6882"}],"version-history":[{"count":0,"href":"https:\/\/centralmedia.rs\/index.php\/wp-json\/wp\/v2\/posts\/6882\/revisions"}],"wp:featuredmedia":[{"embeddable":true,"href":"https:\/\/centralmedia.rs\/index.php\/wp-json\/wp\/v2\/media\/6883"}],"wp:attachment":[{"href":"https:\/\/centralmedia.rs\/index.php\/wp-json\/wp\/v2\/media?parent=6882"}],"wp:term":[{"taxonomy":"category","embeddable":true,"href":"https:\/\/centralmedia.rs\/index.php\/wp-json\/wp\/v2\/categories?post=6882"},{"taxonomy":"post_tag","embeddable":true,"href":"https:\/\/centralmedia.rs\/index.php\/wp-json\/wp\/v2\/tags?post=6882"}],"curies":[{"name":"wp","href":"https:\/\/api.w.org\/{rel}","templated":true}]}}