{"id":6887,"date":"2017-02-21T17:53:30","date_gmt":"2017-02-21T17:53:30","guid":{"rendered":"http:\/\/centralmedia.rs\/?p=6887"},"modified":"2017-02-21T17:55:20","modified_gmt":"2017-02-21T17:55:20","slug":"ne-stisavaju-se-dogadjanja-u-vms-bivsa-direktorka-zahteva-od-odstetu-od-900-hiljada-dinara","status":"publish","type":"post","link":"https:\/\/centralmedia.rs\/index.php\/2017\/02\/21\/ne-stisavaju-se-dogadjanja-u-vms-bivsa-direktorka-zahteva-od-odstetu-od-900-hiljada-dinara\/","title":{"rendered":"NE STI\u0160AVAJU SE DOGA\u0110ANJA U VM\u0160 &#8211; BIV\u0160A DIREKTORKA ZAHTEVA OD\u0160TETU OD 900 HILJADA DINARA"},"content":{"rendered":"<p>\u0106UPRIJA- Biv\u0161a direktora Visoke medicinske \u0161kole u \u0106upriji Tatjana Simovi\u0107 podnela je tu\u017ebeni zahtev protiv te \u0161kole za od\u0161tetu u visini od oko 900 hiljada dinara. Pravosna\u017enom presudom sud je re\u0161enje o njenoj smeni poni\u0161tio, jer je bilo nezakonito.<\/p>\n<p>-Tu\u017ebu sam podnela, re\u010d je o razlici u zaradama i za nematerijalnu \u0161tetu. To ljudi u savetu znaju, ne bih to podnela da smo se dogovorili da vratimo \u00a0\u0161kolu zakonske okvire i imam moralno pravo na to, pri\u010da Tatjana Simovi\u0107.<\/p>\n<figure id=\"attachment_6357\" aria-describedby=\"caption-attachment-6357\" style=\"width: 165px\" class=\"wp-caption alignright\"><a href=\"https:\/\/centralmedia.rs\/wp-content\/uploads\/2017\/01\/Tatjana-Simovic-1-cuprija-vms.jpg\"><img loading=\"lazy\" decoding=\"async\" class=\"size-full wp-image-6357\" src=\"https:\/\/centralmedia.rs\/wp-content\/uploads\/2017\/01\/Tatjana-Simovic-1-cuprija-vms.jpg\" alt=\"\" width=\"165\" height=\"127\" \/><\/a><figcaption id=\"caption-attachment-6357\" class=\"wp-caption-text\">Tatjana Simovi\u0107<\/figcaption><\/figure>\n<p>Na njenu odluku uticala je odluka \u00a0Saveta \u0161kole da za vd direktora postavi Hristosa Aleksopulosa, jer je ona po pravosna\u017enoj presudi u mandatu direktora do aprila ove godine.<\/p>\n<p>-Imam pravosna\u017enu presudu koja mi daje mogu\u0107nost da se obratim sudu i vratim na funkciju legalno izabranog direktora. Ali to ne dolazi u obzir, jer ne \u017eelim na to mesto na silu da dolazim, \u00a0nema svrhe. U tom savetu mora da postoji minimum zdravog razuma da bi me pozvali da preuzmem \u0161kolu, a to ne postoji. Savet je doneo odluku preglasavanjem, kao \u0161to se zna odluke se donose konsezusom. Ljudi su ,,kvarljiva roba\u201c, glasaju ovako i onako. Na silu da dolazim ne \u017eelim, ka\u017ee ona.<\/p>\n<p>Za\u0161titnik gra\u0111ana je dao mi\u0161ljenje da ona mo\u017ee da se zatra\u017ei smenu \u010dlanova saveta koji su doneli nezakonitu odluku o njenoj smeni.<\/p>\n<p>-Sa tim je upoznat predsednik saveta, tako da je jasna poruka koju savet \u0161alje u ovom trenutku. Nastavljam da se bavim naukom i studentima, kao i do sada. Ne\u0107u na silu da se vra\u0107am na tu funkciju. Imam \u0161ta da ponudim \u0161koli, posle svih ovih doga\u0111anja, ali na silu, to nije pristojno, zaklju\u010duje Tatjana Simovi\u0107.<\/p>\n<p>-Nisam ni sud, ni inspektor, ja sam vd direktor kome je poverenje dao Savet \u0161kole. Jedan od zadataka je da se \u00a0raspi\u0161e konkurs za direktora i ona mo\u017ee, ako smatra da ima podr\u0161ku, da se prijavi. Svako ima pravo da zahteva ono \u0161to mu pripada. Savet \u0161kole postavlja i razre\u0161ava direktora, navodi Aleksopulos.<\/p>\n<figure id=\"attachment_6831\" aria-describedby=\"caption-attachment-6831\" style=\"width: 300px\" class=\"wp-caption alignright\"><a href=\"https:\/\/centralmedia.rs\/wp-content\/uploads\/2017\/02\/hristos-aleksopulos.jpg\"><img loading=\"lazy\" decoding=\"async\" class=\"size-medium wp-image-6831\" src=\"https:\/\/centralmedia.rs\/wp-content\/uploads\/2017\/02\/hristos-aleksopulos-300x244.jpg\" alt=\"\" width=\"300\" height=\"244\" srcset=\"https:\/\/centralmedia.rs\/wp-content\/uploads\/2017\/02\/hristos-aleksopulos-300x244.jpg 300w, https:\/\/centralmedia.rs\/wp-content\/uploads\/2017\/02\/hristos-aleksopulos-768x624.jpg 768w, https:\/\/centralmedia.rs\/wp-content\/uploads\/2017\/02\/hristos-aleksopulos.jpg 960w\" sizes=\"(max-width: 300px) 100vw, 300px\" \/><\/a><figcaption id=\"caption-attachment-6831\" class=\"wp-caption-text\">Hristos Aleksopulos<\/figcaption><\/figure>\n<p>Aleksopulos isti\u010de da Tatjana Simovi\u0107 nema pravo na isplatu razlike u zaradama za \u010detvorogodi\u0161nji direktorski mandat, ve\u0107 od trenutka razre\u0161enja pa do predhodnog konkursa, dok \u0107e sud \u0107e odlu\u010di o od\u0161tetnom zahtevu za nematerijalnu \u0161tetu.<\/p>\n<p>Ta \u0161kola poznata je po aferi kada je biv\u0161i direktor Dragoslav Ili\u0107 poslao poruku profesorima da poo\u0161tre kriterijum u januarskom roku i za tre\u0107inu smanje prolaznost. Posle toga reagovao je ministar, Vlada Srbije je postvila nove \u010dlanove u Savetu \u0161kole, a pro\u0161le nedelje za vd direktora izabran je Aleksopulos.<\/p>\n","protected":false},"excerpt":{"rendered":"<p>\u0106UPRIJA- Biv\u0161a direktora Visoke medicinske \u0161kole u \u0106upriji Tatjana Simovi\u0107 podnela je tu\u017ebeni zahtev protiv te \u0161kole za od\u0161tetu u visini od oko 900 hiljada &hellip; <\/p>\n","protected":false},"author":4,"featured_media":6888,"comment_status":"open","ping_status":"open","sticky":false,"template":"","format":"standard","meta":{"footnotes":""},"categories":[1515,1524,2],"tags":[1688,44,1687],"_links":{"self":[{"href":"https:\/\/centralmedia.rs\/index.php\/wp-json\/wp\/v2\/posts\/6887"}],"collection":[{"href":"https:\/\/centralmedia.rs\/index.php\/wp-json\/wp\/v2\/posts"}],"about":[{"href":"https:\/\/centralmedia.rs\/index.php\/wp-json\/wp\/v2\/types\/post"}],"author":[{"embeddable":true,"href":"https:\/\/centralmedia.rs\/index.php\/wp-json\/wp\/v2\/users\/4"}],"replies":[{"embeddable":true,"href":"https:\/\/centralmedia.rs\/index.php\/wp-json\/wp\/v2\/comments?post=6887"}],"version-history":[{"count":0,"href":"https:\/\/centralmedia.rs\/index.php\/wp-json\/wp\/v2\/posts\/6887\/revisions"}],"wp:featuredmedia":[{"embeddable":true,"href":"https:\/\/centralmedia.rs\/index.php\/wp-json\/wp\/v2\/media\/6888"}],"wp:attachment":[{"href":"https:\/\/centralmedia.rs\/index.php\/wp-json\/wp\/v2\/media?parent=6887"}],"wp:term":[{"taxonomy":"category","embeddable":true,"href":"https:\/\/centralmedia.rs\/index.php\/wp-json\/wp\/v2\/categories?post=6887"},{"taxonomy":"post_tag","embeddable":true,"href":"https:\/\/centralmedia.rs\/index.php\/wp-json\/wp\/v2\/tags?post=6887"}],"curies":[{"name":"wp","href":"https:\/\/api.w.org\/{rel}","templated":true}]}}