{"id":6892,"date":"2017-02-21T18:16:39","date_gmt":"2017-02-21T18:16:39","guid":{"rendered":"http:\/\/centralmedia.rs\/?p=6892"},"modified":"2017-02-21T18:16:39","modified_gmt":"2017-02-21T18:16:39","slug":"u-sredu-protest-bivsih-radnika-fabrike-kablova","status":"publish","type":"post","link":"https:\/\/centralmedia.rs\/index.php\/2017\/02\/21\/u-sredu-protest-bivsih-radnika-fabrike-kablova\/","title":{"rendered":"U SREDU PROTEST BIV\u0160IH RADNIKA FABRIKE KABLOVA"},"content":{"rendered":"<p>JAGODINA-Biv\u0161i radnici Fabrike kablova u sredu \u0107e ispred poslovne zgrade tog preduze\u0107a ,,Komercijala\u201d u 10 sati odr\u017eati protest sa zahtevom za isplatu 3 zaostale zarade, povezivanje radnog sta\u017ea i isplatu ostalih dugova. Sa protesta \u0107e, kako je nezvani\u010dno najavljeno, biti zatra\u017eena smena direktora tog preduze\u0107a Ratka Vu\u010durovi\u0107a, postavljanje novog menad\u017eementa i upo\u0161ljavanje biv\u0161ih radnika, a bi\u0107e pokrenuta inicijativa za formiranje udru\u017eenja radnika iz Jagodine koji su ostali bez posla.<\/p>\n","protected":false},"excerpt":{"rendered":"<p>JAGODINA-Biv\u0161i radnici Fabrike kablova u sredu \u0107e ispred poslovne zgrade tog preduze\u0107a ,,Komercijala\u201d u 10 sati odr\u017eati protest sa zahtevom za isplatu 3 zaostale zarade, &hellip; <\/p>\n","protected":false},"author":4,"featured_media":1952,"comment_status":"open","ping_status":"open","sticky":false,"template":"","format":"standard","meta":{"footnotes":""},"categories":[22,1524,2,1514],"tags":[1689,58,491,523],"_links":{"self":[{"href":"https:\/\/centralmedia.rs\/index.php\/wp-json\/wp\/v2\/posts\/6892"}],"collection":[{"href":"https:\/\/centralmedia.rs\/index.php\/wp-json\/wp\/v2\/posts"}],"about":[{"href":"https:\/\/centralmedia.rs\/index.php\/wp-json\/wp\/v2\/types\/post"}],"author":[{"embeddable":true,"href":"https:\/\/centralmedia.rs\/index.php\/wp-json\/wp\/v2\/users\/4"}],"replies":[{"embeddable":true,"href":"https:\/\/centralmedia.rs\/index.php\/wp-json\/wp\/v2\/comments?post=6892"}],"version-history":[{"count":0,"href":"https:\/\/centralmedia.rs\/index.php\/wp-json\/wp\/v2\/posts\/6892\/revisions"}],"wp:featuredmedia":[{"embeddable":true,"href":"https:\/\/centralmedia.rs\/index.php\/wp-json\/wp\/v2\/media\/1952"}],"wp:attachment":[{"href":"https:\/\/centralmedia.rs\/index.php\/wp-json\/wp\/v2\/media?parent=6892"}],"wp:term":[{"taxonomy":"category","embeddable":true,"href":"https:\/\/centralmedia.rs\/index.php\/wp-json\/wp\/v2\/categories?post=6892"},{"taxonomy":"post_tag","embeddable":true,"href":"https:\/\/centralmedia.rs\/index.php\/wp-json\/wp\/v2\/tags?post=6892"}],"curies":[{"name":"wp","href":"https:\/\/api.w.org\/{rel}","templated":true}]}}