{"id":6894,"date":"2017-02-22T11:49:49","date_gmt":"2017-02-22T11:49:49","guid":{"rendered":"http:\/\/centralmedia.rs\/?p=6894"},"modified":"2017-02-22T11:50:39","modified_gmt":"2017-02-22T11:50:39","slug":"protest-hiljadu-bivsih-radnika-fabike-kablova-traze-isplatu-dugova-smenu-vucurovica","status":"publish","type":"post","link":"https:\/\/centralmedia.rs\/index.php\/2017\/02\/22\/protest-hiljadu-bivsih-radnika-fabike-kablova-traze-isplatu-dugova-smenu-vucurovica\/","title":{"rendered":"PROTEST HILJADU BIV\u0160IH RADNIKA FABIKE KABLOVA &#8211; TRA\u017dE ISPLATU DUGOVA I SMENU VU\u010cUROVI\u0106A"},"content":{"rendered":"<p>JAGODINA-Oko hiljadu biv\u0161ih radnika Fabrike kablova, prema procenama organizatora, danas se okupilo ispred poslovne zgrade tog preduze\u0107a u Jagodini sa zahtevom za isplatu dugova po raznim\u00a0 osnovama i smenu menad\u017ementa na \u010delu sa direktorom Ratkom Vu\u010durovi\u0107em. Oni su u maju pro\u0161le godine u okviru socijalnog programa dobrovoljno potpisali re\u0161enja o napu\u0161tanju tog preduze\u0107a uz otpremnine. Slu\u010daj Fabrike kablova je do maja u Privrednom sudu u Kragujevcu sa predlogom uvo\u0111enja ste\u010daja uz UPPR (Unapred pripreljeni program reorganizacije).<\/p>\n<div id='gallery-1' class='gallery galleryid-6894 gallery-columns-5 gallery-size-thumbnail'><figure class='gallery-item'>\n\t\t\t<div class='gallery-icon landscape'>\n\t\t\t\t<a href='https:\/\/centralmedia.rs\/index.php\/2017\/02\/22\/protest-hiljadu-bivsih-radnika-fabike-kablova-traze-isplatu-dugova-smenu-vucurovica\/protestni-skup-3-jagodina-g-j\/'><img loading=\"lazy\" decoding=\"async\" width=\"150\" height=\"150\" src=\"https:\/\/centralmedia.rs\/wp-content\/uploads\/2017\/02\/protestni-skup-3-jagodina-g.j.-150x150.jpg\" class=\"attachment-thumbnail size-thumbnail\" alt=\"\" \/><\/a>\n\t\t\t<\/div><\/figure><figure class='gallery-item'>\n\t\t\t<div class='gallery-icon landscape'>\n\t\t\t\t<a href='https:\/\/centralmedia.rs\/index.php\/2017\/02\/22\/protest-hiljadu-bivsih-radnika-fabike-kablova-traze-isplatu-dugova-smenu-vucurovica\/protestni-skup-jagodina-g-j\/'><img loading=\"lazy\" decoding=\"async\" width=\"150\" height=\"150\" src=\"https:\/\/centralmedia.rs\/wp-content\/uploads\/2017\/02\/protestni-skup-jagodina-g.j.-150x150.jpg\" class=\"attachment-thumbnail size-thumbnail\" alt=\"\" aria-describedby=\"gallery-1-6897\" \/><\/a>\n\t\t\t<\/div>\n\t\t\t\t<figcaption class='wp-caption-text gallery-caption' id='gallery-1-6897'>\n\t\t\t\tDragan Milanovi\u0107\n\t\t\t\t<\/figcaption><\/figure><figure class='gallery-item'>\n\t\t\t<div class='gallery-icon landscape'>\n\t\t\t\t<a href='https:\/\/centralmedia.rs\/index.php\/2017\/02\/22\/protest-hiljadu-bivsih-radnika-fabike-kablova-traze-isplatu-dugova-smenu-vucurovica\/protestni-skup-7-jagodina-g-j\/'><img loading=\"lazy\" decoding=\"async\" width=\"150\" height=\"150\" src=\"https:\/\/centralmedia.rs\/wp-content\/uploads\/2017\/02\/protestni-skup-7-jagodina-g.j.-150x150.jpg\" class=\"attachment-thumbnail size-thumbnail\" alt=\"\" \/><\/a>\n\t\t\t<\/div><\/figure><figure class='gallery-item'>\n\t\t\t<div class='gallery-icon landscape'>\n\t\t\t\t<a href='https:\/\/centralmedia.rs\/index.php\/2017\/02\/22\/protest-hiljadu-bivsih-radnika-fabike-kablova-traze-isplatu-dugova-smenu-vucurovica\/protestni-skup-5-jagodina-g-j\/'><img loading=\"lazy\" decoding=\"async\" width=\"150\" height=\"150\" src=\"https:\/\/centralmedia.rs\/wp-content\/uploads\/2017\/02\/protestni-skup-5-jagodina-g.j.-150x150.jpg\" class=\"attachment-thumbnail size-thumbnail\" alt=\"\" \/><\/a>\n\t\t\t<\/div><\/figure><figure class='gallery-item'>\n\t\t\t<div class='gallery-icon landscape'>\n\t\t\t\t<a href='https:\/\/centralmedia.rs\/index.php\/2017\/02\/22\/protest-hiljadu-bivsih-radnika-fabike-kablova-traze-isplatu-dugova-smenu-vucurovica\/protestni-skup-6-jagodina-g-j\/'><img loading=\"lazy\" decoding=\"async\" width=\"150\" height=\"150\" src=\"https:\/\/centralmedia.rs\/wp-content\/uploads\/2017\/02\/protestni-skup-6-jagodina-g.j.-150x150.jpg\" class=\"attachment-thumbnail size-thumbnail\" alt=\"\" \/><\/a>\n\t\t\t<\/div><\/figure>\n\t\t<\/div>\n\n<p>-Sada je zavr\u0161ni \u010din uni\u0161tavanja fabrike. To mora da se prekine. U roku od nedelju dana generalni direktor Ratko Vu\u010durovi\u010d (69) mora da podnese ostavku i da ide u penziju. On nema vi\u0161e \u0161ta da tra\u017ei ovde i\u00a0 mi ne\u0107emo sa njim da razgovaramo. O\u010dekujemo da dr\u017eava postavi novi menad\u017eement koji \u0107e da vrati radnike na posao. Ma\u0161ine miruju, a radnici sede gladni ku\u0107i, dok penzioneri\u00a0 rade u fabrici. To ne mo\u017ee tako dalje da bude, rekao je predsednik sidnikata Sloga Dragan Milanovi\u0107.<\/p>\n<p>On je zahtevao isplatu svih dugovanja poslodavca prema biv\u0161im radnicima, odnosno spajanje radnog sta\u017ea, isplatu tri zaostale zarade, nadoknade za putne tro\u0161kove i svih ostalih dugova.<\/p>\n<p>-Mi smo ovde zato \u0161to volimo Srbiju, da nema vas ne bi bilo Srbije. Brane\u0107i vas branimo Srbiju. Kao nezaposleni nevidljivi smo za dr\u017eavu. Svi primaju dr\u017eavnu pomo\u0107, od zaposlenih u dr\u017eavnim preduze\u0107ima do penzionera. Najvi\u0161e ste ugro\u017eeni i\u00a0 nemate pravo na pomo\u0107, nalazite se na marginama, sedite pored televizora i \u010dekate\u00a0 da li \u0107e te da umrete ili da do\u0111ete do penzije, rekao je okupljenima Milanovi\u0107 i dodao da biv\u0161i radnici o\u010dekuju marterijalnu pomo\u0107 Vlade Srbije, jer su to generacije koje su podnele najte\u017ei teret u proteklih 25 godina i sa\u010duvale dr\u017eavu. Na protestvnom skupu je inicirano formiranje Udru\u017eenja nezaposlenih u Jagodini, te zahtevano da dr\u017eava svim nezaposlenima isplati po 20 hiljada dinara bespovratne pomo\u0107i. Sa skupa je je postaviljeno pitanje Inspekciji rada kada \u0107e po\u010deti da premenjuje Zakon o radu, jer su prijave zbog nepla\u0107enih putnih tro\u0161kova, mobinga, za\u0161tite na radu zavr\u0161ile u ,,fioci\u201c.<\/p>\n","protected":false},"excerpt":{"rendered":"<p>JAGODINA-Oko hiljadu biv\u0161ih radnika Fabrike kablova, prema procenama organizatora, danas se okupilo ispred poslovne zgrade tog preduze\u0107a u Jagodini sa zahtevom za isplatu dugova po &hellip; <\/p>\n","protected":false},"author":4,"featured_media":6895,"comment_status":"open","ping_status":"open","sticky":false,"template":"","format":"standard","meta":{"footnotes":""},"categories":[22,1524,2,1514],"tags":[1689,368,58,523,1690],"_links":{"self":[{"href":"https:\/\/centralmedia.rs\/index.php\/wp-json\/wp\/v2\/posts\/6894"}],"collection":[{"href":"https:\/\/centralmedia.rs\/index.php\/wp-json\/wp\/v2\/posts"}],"about":[{"href":"https:\/\/centralmedia.rs\/index.php\/wp-json\/wp\/v2\/types\/post"}],"author":[{"embeddable":true,"href":"https:\/\/centralmedia.rs\/index.php\/wp-json\/wp\/v2\/users\/4"}],"replies":[{"embeddable":true,"href":"https:\/\/centralmedia.rs\/index.php\/wp-json\/wp\/v2\/comments?post=6894"}],"version-history":[{"count":0,"href":"https:\/\/centralmedia.rs\/index.php\/wp-json\/wp\/v2\/posts\/6894\/revisions"}],"wp:featuredmedia":[{"embeddable":true,"href":"https:\/\/centralmedia.rs\/index.php\/wp-json\/wp\/v2\/media\/6895"}],"wp:attachment":[{"href":"https:\/\/centralmedia.rs\/index.php\/wp-json\/wp\/v2\/media?parent=6894"}],"wp:term":[{"taxonomy":"category","embeddable":true,"href":"https:\/\/centralmedia.rs\/index.php\/wp-json\/wp\/v2\/categories?post=6894"},{"taxonomy":"post_tag","embeddable":true,"href":"https:\/\/centralmedia.rs\/index.php\/wp-json\/wp\/v2\/tags?post=6894"}],"curies":[{"name":"wp","href":"https:\/\/api.w.org\/{rel}","templated":true}]}}