{"id":6903,"date":"2017-02-22T21:09:30","date_gmt":"2017-02-22T21:09:30","guid":{"rendered":"http:\/\/centralmedia.rs\/?p=6903"},"modified":"2017-02-22T21:10:34","modified_gmt":"2017-02-22T21:10:34","slug":"svilajnacki-pokladni-maskenbal","status":"publish","type":"post","link":"https:\/\/centralmedia.rs\/index.php\/2017\/02\/22\/svilajnacki-pokladni-maskenbal\/","title":{"rendered":"SVILAJNA\u010cKI POKLADNI MASKENBAL"},"content":{"rendered":"<p>SVILAJNAC-Bela nedelja 26. februara. Velika pokladna povorka kroz Svilajnac kre\u0107e iz Parka evropskog prijateljstva u 11 \u010dasova, a zavr\u0161ava se na Trgu Stevana Sin\u0111eli\u0107a uz pokladnu vatru, poslu\u017eenje, muziku,\u00a0mno\u0161tvo uli\u010dnih zabavlja\u010da i u\u010desnika programa.<\/p>\n<div id='gallery-1' class='gallery galleryid-6903 gallery-columns-3 gallery-size-medium'><figure class='gallery-item'>\n\t\t\t<div class='gallery-icon landscape'>\n\t\t\t\t<a href='https:\/\/centralmedia.rs\/index.php\/2016\/03\/20\/svilajnacki-pokladski-maskembal\/mskembal-2-svilajnac-f-b\/'><img loading=\"lazy\" decoding=\"async\" width=\"300\" height=\"200\" src=\"https:\/\/centralmedia.rs\/wp-content\/uploads\/2016\/03\/mskembal-2-svilajnac-f.b.-300x200.jpg\" class=\"attachment-medium size-medium\" alt=\"\" srcset=\"https:\/\/centralmedia.rs\/wp-content\/uploads\/2016\/03\/mskembal-2-svilajnac-f.b.-300x200.jpg 300w, https:\/\/centralmedia.rs\/wp-content\/uploads\/2016\/03\/mskembal-2-svilajnac-f.b.-768x512.jpg 768w, https:\/\/centralmedia.rs\/wp-content\/uploads\/2016\/03\/mskembal-2-svilajnac-f.b..jpg 960w\" sizes=\"(max-width: 300px) 100vw, 300px\" \/><\/a>\n\t\t\t<\/div><\/figure><figure class='gallery-item'>\n\t\t\t<div class='gallery-icon landscape'>\n\t\t\t\t<a href='https:\/\/centralmedia.rs\/index.php\/2016\/03\/20\/svilajnacki-pokladski-maskembal\/mskembal-5-svilajnac-f-b\/'><img loading=\"lazy\" decoding=\"async\" width=\"300\" height=\"225\" src=\"https:\/\/centralmedia.rs\/wp-content\/uploads\/2016\/03\/mskembal-5-svilajnac-f.b.-300x225.jpg\" class=\"attachment-medium size-medium\" alt=\"\" srcset=\"https:\/\/centralmedia.rs\/wp-content\/uploads\/2016\/03\/mskembal-5-svilajnac-f.b.-300x225.jpg 300w, https:\/\/centralmedia.rs\/wp-content\/uploads\/2016\/03\/mskembal-5-svilajnac-f.b.-768x576.jpg 768w, https:\/\/centralmedia.rs\/wp-content\/uploads\/2016\/03\/mskembal-5-svilajnac-f.b.-80x60.jpg 80w, https:\/\/centralmedia.rs\/wp-content\/uploads\/2016\/03\/mskembal-5-svilajnac-f.b.-265x198.jpg 265w, https:\/\/centralmedia.rs\/wp-content\/uploads\/2016\/03\/mskembal-5-svilajnac-f.b..jpg 960w\" sizes=\"(max-width: 300px) 100vw, 300px\" \/><\/a>\n\t\t\t<\/div><\/figure><figure class='gallery-item'>\n\t\t\t<div class='gallery-icon landscape'>\n\t\t\t\t<a href='https:\/\/centralmedia.rs\/index.php\/2016\/03\/20\/svilajnacki-pokladski-maskembal\/mskembal-7-svilajnac-f-b\/'><img loading=\"lazy\" decoding=\"async\" width=\"300\" height=\"225\" src=\"https:\/\/centralmedia.rs\/wp-content\/uploads\/2016\/03\/mskembal-7-svilajnac-f.b.-300x225.jpg\" class=\"attachment-medium size-medium\" alt=\"\" aria-describedby=\"gallery-1-2448\" srcset=\"https:\/\/centralmedia.rs\/wp-content\/uploads\/2016\/03\/mskembal-7-svilajnac-f.b.-300x225.jpg 300w, https:\/\/centralmedia.rs\/wp-content\/uploads\/2016\/03\/mskembal-7-svilajnac-f.b.-768x576.jpg 768w, https:\/\/centralmedia.rs\/wp-content\/uploads\/2016\/03\/mskembal-7-svilajnac-f.b.-80x60.jpg 80w, https:\/\/centralmedia.rs\/wp-content\/uploads\/2016\/03\/mskembal-7-svilajnac-f.b.-265x198.jpg 265w, https:\/\/centralmedia.rs\/wp-content\/uploads\/2016\/03\/mskembal-7-svilajnac-f.b..jpg 960w\" sizes=\"(max-width: 300px) 100vw, 300px\" \/><\/a>\n\t\t\t<\/div>\n\t\t\t\t<figcaption class='wp-caption-text gallery-caption' id='gallery-1-2448'>\n\t\t\t\tPokladske vatre i maskembal\n\t\t\t\t<\/figcaption><\/figure>\n\t\t<\/div>\n\n","protected":false},"excerpt":{"rendered":"<p>SVILAJNAC-Bela nedelja 26. februara. Velika pokladna povorka kroz Svilajnac kre\u0107e iz Parka evropskog prijateljstva u 11 \u010dasova, a zavr\u0161ava se na Trgu Stevana Sin\u0111eli\u0107a uz &hellip; <\/p>\n","protected":false},"author":4,"featured_media":6904,"comment_status":"open","ping_status":"open","sticky":false,"template":"","format":"standard","meta":{"footnotes":""},"categories":[1524,2,16,12,1517],"tags":[1691,633,38],"_links":{"self":[{"href":"https:\/\/centralmedia.rs\/index.php\/wp-json\/wp\/v2\/posts\/6903"}],"collection":[{"href":"https:\/\/centralmedia.rs\/index.php\/wp-json\/wp\/v2\/posts"}],"about":[{"href":"https:\/\/centralmedia.rs\/index.php\/wp-json\/wp\/v2\/types\/post"}],"author":[{"embeddable":true,"href":"https:\/\/centralmedia.rs\/index.php\/wp-json\/wp\/v2\/users\/4"}],"replies":[{"embeddable":true,"href":"https:\/\/centralmedia.rs\/index.php\/wp-json\/wp\/v2\/comments?post=6903"}],"version-history":[{"count":0,"href":"https:\/\/centralmedia.rs\/index.php\/wp-json\/wp\/v2\/posts\/6903\/revisions"}],"wp:featuredmedia":[{"embeddable":true,"href":"https:\/\/centralmedia.rs\/index.php\/wp-json\/wp\/v2\/media\/6904"}],"wp:attachment":[{"href":"https:\/\/centralmedia.rs\/index.php\/wp-json\/wp\/v2\/media?parent=6903"}],"wp:term":[{"taxonomy":"category","embeddable":true,"href":"https:\/\/centralmedia.rs\/index.php\/wp-json\/wp\/v2\/categories?post=6903"},{"taxonomy":"post_tag","embeddable":true,"href":"https:\/\/centralmedia.rs\/index.php\/wp-json\/wp\/v2\/tags?post=6903"}],"curies":[{"name":"wp","href":"https:\/\/api.w.org\/{rel}","templated":true}]}}