{"id":6913,"date":"2017-02-23T09:16:07","date_gmt":"2017-02-23T09:16:07","guid":{"rendered":"http:\/\/centralmedia.rs\/?p=6913"},"modified":"2017-02-23T09:16:07","modified_gmt":"2017-02-23T09:16:07","slug":"povodom-protesta-bivsih-radnika-fabrike-kablova-saopstenje-izvrsnog-direktora-dragana-matejica","status":"publish","type":"post","link":"https:\/\/centralmedia.rs\/index.php\/2017\/02\/23\/povodom-protesta-bivsih-radnika-fabrike-kablova-saopstenje-izvrsnog-direktora-dragana-matejica\/","title":{"rendered":"POVODOM PROTESTA BIV\u0160IH RADNIKA FABRIKE KABLOVA-SAOP\u0160TENJE IZVR\u0160NOG DIREKTORA DRAGANA MATEJI\u0106A"},"content":{"rendered":"<p>JAGODINA-Povodom ju\u010dera\u0161njeg protesta biv\u0161ih radnika Fabrike kablova u Jagodini izvr\u0161ni director tog predu\u0107a Dragan Mateji\u0107 je uputio pisano saop\u0161tenje za javnsot u kome se navodi da je ,,socijalni program je realizivan na dobrovoljnoj bazi\u201d.<\/p>\n<p>-Prilikom podizanja otpremnine, svaki radnik je sa holdingom, potpisao\u00a0Sporazum o regulisanju me\u0111usobnih prava i obaveza po osnovu rada.Sporazum je potpisan dobrovoljno, bez ikakve prinude.Su\u0161tina je da su radnici koji su prihvatili socijalni program i radnici koji su\u00a0ostali zaposleni u Holdingu u istom polo\u017eaju, \u0161to se ti\u010de ostvarivanja\u00a0odre\u0111enih prava iz ranijeg perioda, a \u0161to \u0107e biti regulisano UPPR-om,\u00a0kada bude usvojen, stoji u saop\u0161tenju koje je uputio medijima Mateji\u0107.<\/p>\n","protected":false},"excerpt":{"rendered":"<p>JAGODINA-Povodom ju\u010dera\u0161njeg protesta biv\u0161ih radnika Fabrike kablova u Jagodini izvr\u0161ni director tog predu\u0107a Dragan Mateji\u0107 je uputio pisano saop\u0161tenje za javnsot u kome se navodi &hellip; <\/p>\n","protected":false},"author":4,"featured_media":6914,"comment_status":"open","ping_status":"open","sticky":false,"template":"","format":"standard","meta":{"footnotes":""},"categories":[22,1524,2,1514],"tags":[1689,368,523,720],"_links":{"self":[{"href":"https:\/\/centralmedia.rs\/index.php\/wp-json\/wp\/v2\/posts\/6913"}],"collection":[{"href":"https:\/\/centralmedia.rs\/index.php\/wp-json\/wp\/v2\/posts"}],"about":[{"href":"https:\/\/centralmedia.rs\/index.php\/wp-json\/wp\/v2\/types\/post"}],"author":[{"embeddable":true,"href":"https:\/\/centralmedia.rs\/index.php\/wp-json\/wp\/v2\/users\/4"}],"replies":[{"embeddable":true,"href":"https:\/\/centralmedia.rs\/index.php\/wp-json\/wp\/v2\/comments?post=6913"}],"version-history":[{"count":0,"href":"https:\/\/centralmedia.rs\/index.php\/wp-json\/wp\/v2\/posts\/6913\/revisions"}],"wp:featuredmedia":[{"embeddable":true,"href":"https:\/\/centralmedia.rs\/index.php\/wp-json\/wp\/v2\/media\/6914"}],"wp:attachment":[{"href":"https:\/\/centralmedia.rs\/index.php\/wp-json\/wp\/v2\/media?parent=6913"}],"wp:term":[{"taxonomy":"category","embeddable":true,"href":"https:\/\/centralmedia.rs\/index.php\/wp-json\/wp\/v2\/categories?post=6913"},{"taxonomy":"post_tag","embeddable":true,"href":"https:\/\/centralmedia.rs\/index.php\/wp-json\/wp\/v2\/tags?post=6913"}],"curies":[{"name":"wp","href":"https:\/\/api.w.org\/{rel}","templated":true}]}}