{"id":6969,"date":"2017-03-01T11:04:32","date_gmt":"2017-03-01T11:04:32","guid":{"rendered":"http:\/\/centralmedia.rs\/?p=6969"},"modified":"2017-03-01T11:09:41","modified_gmt":"2017-03-01T11:09:41","slug":"dragoslav-mihailovic-obelezio-pole-veka-od-prve-knjige-u-rodnom-gradu-srbija-izasla-iz-corskokaka-jugoslovenstva","status":"publish","type":"post","link":"https:\/\/centralmedia.rs\/index.php\/2017\/03\/01\/dragoslav-mihailovic-obelezio-pole-veka-od-prve-knjige-u-rodnom-gradu-srbija-izasla-iz-corskokaka-jugoslovenstva\/","title":{"rendered":"DRAGOSLAV MIHAILOVI\u0106 OBELE\u017dIO POLE VEKA OD PRVE KNJIGE U RODNOM GRADU &#8211; SRBIJA IZA\u0160LA IZ \u0106ORSOKAKA JUGOSLOVENSTVA"},"content":{"rendered":"<p>\u0106UPRIJA-Knji\u017eevnik i akademik Dragoslav Mihailovi\u0107 obele\u017eio je pet decenija od svoje prve knjige ,,Frede laku no\u0107\u201c u svom rodnom gradu \u0106upriji, a u njegovu \u010dast prire\u0111eno je knji\u017eevno ve\u010de i obele\u017een Nacionalni dan knjige.<\/p>\n<p>-Mislim da je najzad Srbija iza\u0161la iz tog \u0107orsokaka u koji je u\u0161la jugoslovenstvom i zalaganjem za Jugoslaviju kao dr\u017eavu. Hvala bogu. Rekao bih da je do\u0161lo do jedne promene koja je kapitalna za nas, a to je da po\u010dnemo da vodimo ra\u010duna o zemlji u kojoj \u017eivimo i da ne patimo za Jugoslavijom, jer je ona nas upropastila. Mi smo sami sebe upropastili time \u0161to smo se odlu\u010dili za Jugoslaviju, rekao je Mihailovi\u0107.<a href=\"https:\/\/centralmedia.rs\/wp-content\/uploads\/2017\/03\/dragoslav-mihailovic-1-cuprija-g.j..jpg\"><img loading=\"lazy\" decoding=\"async\" class=\"alignright size-medium wp-image-6972\" src=\"https:\/\/centralmedia.rs\/wp-content\/uploads\/2017\/03\/dragoslav-mihailovic-1-cuprija-g.j.-300x200.jpg\" alt=\"\" width=\"300\" height=\"200\" srcset=\"https:\/\/centralmedia.rs\/wp-content\/uploads\/2017\/03\/dragoslav-mihailovic-1-cuprija-g.j.-300x200.jpg 300w, https:\/\/centralmedia.rs\/wp-content\/uploads\/2017\/03\/dragoslav-mihailovic-1-cuprija-g.j.-768x512.jpg 768w, https:\/\/centralmedia.rs\/wp-content\/uploads\/2017\/03\/dragoslav-mihailovic-1-cuprija-g.j..jpg 900w\" sizes=\"(max-width: 300px) 100vw, 300px\" \/><\/a><\/p>\n<p>Govore\u0107i o savremenoj srpskoj knji\u017eevnosti Mihailovi\u0107 ka\u017ee da ne spada u ljude koji neprekidno prate knji\u017eevnost.<\/p>\n<p>-Pro\u010ditao roma Ivane Dimi\u0107, koja je dobila Ninovu nagradu. To je lepa, kratka knjiga. Zadovoljan sam \u0161to sam pro\u010ditao, a zadovoljan sam \u0161to je nagradu dobila Ivana Dimi\u0107. Ona je, u odnosu na mene, mlada \u017eena koja se pojavila u na\u0161oj literaturi i imala je sre\u0107u da dobije Ninovu nagradu, ka\u017ee on.<a href=\"https:\/\/centralmedia.rs\/wp-content\/uploads\/2017\/03\/publika-cuprija-g.j..jpg\"><img loading=\"lazy\" decoding=\"async\" class=\"alignright size-medium wp-image-6973\" src=\"https:\/\/centralmedia.rs\/wp-content\/uploads\/2017\/03\/publika-cuprija-g.j.-300x225.jpg\" alt=\"\" width=\"300\" height=\"225\" srcset=\"https:\/\/centralmedia.rs\/wp-content\/uploads\/2017\/03\/publika-cuprija-g.j.-300x225.jpg 300w, https:\/\/centralmedia.rs\/wp-content\/uploads\/2017\/03\/publika-cuprija-g.j.-768x576.jpg 768w, https:\/\/centralmedia.rs\/wp-content\/uploads\/2017\/03\/publika-cuprija-g.j.-80x60.jpg 80w, https:\/\/centralmedia.rs\/wp-content\/uploads\/2017\/03\/publika-cuprija-g.j.-265x198.jpg 265w, https:\/\/centralmedia.rs\/wp-content\/uploads\/2017\/03\/publika-cuprija-g.j..jpg 900w\" sizes=\"(max-width: 300px) 100vw, 300px\" \/><\/a><\/p>\n<p>Narodna\u00a0biblioteka \u201eDu\u0161an Mati\u0107\u201c u \u0106upriji organizovala je knji\u017eevno ve\u010de ,,Pored Morave\u201d u \u010dast knji\u017eevnika i akademika Dragoslava Mihailovi\u0107a. Gosti ve\u010deri bili su \u00a0prof. dr Sofija Miloradovi\u0107 i prof. dr Milo Lompar.<\/p>\n<p>&nbsp;<\/p>\n","protected":false},"excerpt":{"rendered":"<p>\u0106UPRIJA-Knji\u017eevnik i akademik Dragoslav Mihailovi\u0107 obele\u017eio je pet decenija od svoje prve knjige ,,Frede laku no\u0107\u201c u svom rodnom gradu \u0106upriji, a u njegovu \u010dast &hellip; <\/p>\n","protected":false},"author":4,"featured_media":6970,"comment_status":"open","ping_status":"open","sticky":false,"template":"","format":"standard","meta":{"footnotes":""},"categories":[1524,2,1514,15,12],"tags":[44,1698,1711],"_links":{"self":[{"href":"https:\/\/centralmedia.rs\/index.php\/wp-json\/wp\/v2\/posts\/6969"}],"collection":[{"href":"https:\/\/centralmedia.rs\/index.php\/wp-json\/wp\/v2\/posts"}],"about":[{"href":"https:\/\/centralmedia.rs\/index.php\/wp-json\/wp\/v2\/types\/post"}],"author":[{"embeddable":true,"href":"https:\/\/centralmedia.rs\/index.php\/wp-json\/wp\/v2\/users\/4"}],"replies":[{"embeddable":true,"href":"https:\/\/centralmedia.rs\/index.php\/wp-json\/wp\/v2\/comments?post=6969"}],"version-history":[{"count":0,"href":"https:\/\/centralmedia.rs\/index.php\/wp-json\/wp\/v2\/posts\/6969\/revisions"}],"wp:featuredmedia":[{"embeddable":true,"href":"https:\/\/centralmedia.rs\/index.php\/wp-json\/wp\/v2\/media\/6970"}],"wp:attachment":[{"href":"https:\/\/centralmedia.rs\/index.php\/wp-json\/wp\/v2\/media?parent=6969"}],"wp:term":[{"taxonomy":"category","embeddable":true,"href":"https:\/\/centralmedia.rs\/index.php\/wp-json\/wp\/v2\/categories?post=6969"},{"taxonomy":"post_tag","embeddable":true,"href":"https:\/\/centralmedia.rs\/index.php\/wp-json\/wp\/v2\/tags?post=6969"}],"curies":[{"name":"wp","href":"https:\/\/api.w.org\/{rel}","templated":true}]}}