{"id":6989,"date":"2017-03-02T11:59:46","date_gmt":"2017-03-02T11:59:46","guid":{"rendered":"http:\/\/centralmedia.rs\/?p=6989"},"modified":"2017-03-02T11:59:46","modified_gmt":"2017-03-02T11:59:46","slug":"prevrtanje-teretnog-voza-kod-svilajnca-povredjena-cetvorica-zeleznicara","status":"publish","type":"post","link":"https:\/\/centralmedia.rs\/index.php\/2017\/03\/02\/prevrtanje-teretnog-voza-kod-svilajnca-povredjena-cetvorica-zeleznicara\/","title":{"rendered":"PREVRTANJE TERETNOG VOZA KOD SVILAJNCA &#8211; POVRE\u0110ENA \u010cETVORICA \u017dELEZNI\u010cARA"},"content":{"rendered":"<p>SVILAJNAC-\u010cetiri radnika \u017deleznice Srbije povre\u0111ena su te\u017ee i lak\u0161e jutros oko\u00a04.30\u00a0kada je teretni voz, u ataru sela Troponje kod Svilajnca, iskliznuo iz \u0161ina. Povre\u0111eni su preba\u010deni u Zdravstveni centar \u0106uprija gde im je ukazana pomo\u0107. Trojica su pu\u0161tena na ku\u0107no le\u010denje, dok je jedan sa opekotinama zadr\u017ean u bolnici. Do nesre\u0107e je do\u0161lo kada se, na deonici pruge izme\u0111u Despotovca i Svilajnca,\u00a0prevrnuo jedan od vagona iz kog su ispali radnici \u017deleznice. U vagonima je prevo\u017een ugalj.U toku je postupak utvr\u0111ivanja uzroka ove nesre\u0107e.<\/p>\n<div id='gallery-1' class='gallery galleryid-6989 gallery-columns-4 gallery-size-thumbnail'><figure class='gallery-item'>\n\t\t\t<div class='gallery-icon landscape'>\n\t\t\t\t<a href='https:\/\/centralmedia.rs\/index.php\/2017\/03\/02\/prevrtanje-teretnog-voza-kod-svilajnca-povredjena-cetvorica-zeleznicara\/voz-1-svilajnac\/'><img loading=\"lazy\" decoding=\"async\" width=\"150\" height=\"150\" src=\"https:\/\/centralmedia.rs\/wp-content\/uploads\/2017\/03\/voz-1-svilajnac-150x150.jpg\" class=\"attachment-thumbnail size-thumbnail\" alt=\"\" \/><\/a>\n\t\t\t<\/div><\/figure><figure class='gallery-item'>\n\t\t\t<div class='gallery-icon landscape'>\n\t\t\t\t<a href='https:\/\/centralmedia.rs\/index.php\/2017\/03\/02\/prevrtanje-teretnog-voza-kod-svilajnca-povredjena-cetvorica-zeleznicara\/voz-2-svilajnac\/'><img loading=\"lazy\" decoding=\"async\" width=\"150\" height=\"150\" src=\"https:\/\/centralmedia.rs\/wp-content\/uploads\/2017\/03\/voz-2-svilajnac-150x150.jpg\" class=\"attachment-thumbnail size-thumbnail\" alt=\"\" \/><\/a>\n\t\t\t<\/div><\/figure><figure class='gallery-item'>\n\t\t\t<div class='gallery-icon landscape'>\n\t\t\t\t<a href='https:\/\/centralmedia.rs\/index.php\/2017\/03\/02\/prevrtanje-teretnog-voza-kod-svilajnca-povredjena-cetvorica-zeleznicara\/voz-3-svilajnac\/'><img loading=\"lazy\" decoding=\"async\" width=\"150\" height=\"150\" src=\"https:\/\/centralmedia.rs\/wp-content\/uploads\/2017\/03\/voz-3-svilajnac-150x150.jpg\" class=\"attachment-thumbnail size-thumbnail\" alt=\"\" \/><\/a>\n\t\t\t<\/div><\/figure><figure class='gallery-item'>\n\t\t\t<div class='gallery-icon landscape'>\n\t\t\t\t<a href='https:\/\/centralmedia.rs\/index.php\/2017\/03\/02\/prevrtanje-teretnog-voza-kod-svilajnca-povredjena-cetvorica-zeleznicara\/voz-5-svilajnac\/'><img loading=\"lazy\" decoding=\"async\" width=\"150\" height=\"150\" src=\"https:\/\/centralmedia.rs\/wp-content\/uploads\/2017\/03\/voz-5-svilajnac-150x150.jpg\" class=\"attachment-thumbnail size-thumbnail\" alt=\"\" \/><\/a>\n\t\t\t<\/div><\/figure>\n\t\t<\/div>\n\n","protected":false},"excerpt":{"rendered":"<p>SVILAJNAC-\u010cetiri radnika \u017deleznice Srbije povre\u0111ena su te\u017ee i lak\u0161e jutros oko\u00a04.30\u00a0kada je teretni voz, u ataru sela Troponje kod Svilajnca, iskliznuo iz \u0161ina. Povre\u0111eni su &hellip; <\/p>\n","protected":false},"author":4,"featured_media":6990,"comment_status":"open","ping_status":"open","sticky":false,"template":"","format":"standard","meta":{"footnotes":""},"categories":[20,2],"tags":[1057,1716,38,1715],"_links":{"self":[{"href":"https:\/\/centralmedia.rs\/index.php\/wp-json\/wp\/v2\/posts\/6989"}],"collection":[{"href":"https:\/\/centralmedia.rs\/index.php\/wp-json\/wp\/v2\/posts"}],"about":[{"href":"https:\/\/centralmedia.rs\/index.php\/wp-json\/wp\/v2\/types\/post"}],"author":[{"embeddable":true,"href":"https:\/\/centralmedia.rs\/index.php\/wp-json\/wp\/v2\/users\/4"}],"replies":[{"embeddable":true,"href":"https:\/\/centralmedia.rs\/index.php\/wp-json\/wp\/v2\/comments?post=6989"}],"version-history":[{"count":0,"href":"https:\/\/centralmedia.rs\/index.php\/wp-json\/wp\/v2\/posts\/6989\/revisions"}],"wp:featuredmedia":[{"embeddable":true,"href":"https:\/\/centralmedia.rs\/index.php\/wp-json\/wp\/v2\/media\/6990"}],"wp:attachment":[{"href":"https:\/\/centralmedia.rs\/index.php\/wp-json\/wp\/v2\/media?parent=6989"}],"wp:term":[{"taxonomy":"category","embeddable":true,"href":"https:\/\/centralmedia.rs\/index.php\/wp-json\/wp\/v2\/categories?post=6989"},{"taxonomy":"post_tag","embeddable":true,"href":"https:\/\/centralmedia.rs\/index.php\/wp-json\/wp\/v2\/tags?post=6989"}],"curies":[{"name":"wp","href":"https:\/\/api.w.org\/{rel}","templated":true}]}}