{"id":7011,"date":"2017-03-04T17:37:18","date_gmt":"2017-03-04T17:37:18","guid":{"rendered":"http:\/\/centralmedia.rs\/?p=7011"},"modified":"2017-03-04T17:38:07","modified_gmt":"2017-03-04T17:38:07","slug":"kandidat-srpskih-klabera-za-predsednika-srbije-fila-glasove-dao-belom-za-dve-ministarske-fotelje","status":"publish","type":"post","link":"https:\/\/centralmedia.rs\/index.php\/2017\/03\/04\/kandidat-srpskih-klabera-za-predsednika-srbije-fila-glasove-dao-belom-za-dve-ministarske-fotelje\/","title":{"rendered":"KANDIDAT SRPSKIH KLABERA ZA PREDSEDNIKA SRBIJE &#8211; FILA GLASOVE DAO BELOM ZA DVE MINISTARSKE FOTELJE"},"content":{"rendered":"<p>SVILAJNAC-\u0160ok me\u0111u srpskim klaberima izazvao je danas njihov kandidat za predsednika Srbije Sr\u0111an Filipovi\u0107 \u2013 Fila iz Svilajnca, kada je objavio da je \u00a0svoje glasove dao Ljubi\u0161i Preleta\u010devi\u0107u \u2013Belom iz Mladenovca u zamenu za dve ministarske fotelje. Filipovi\u0107, kontroverzni dizajner enterijera, komercijalni umetnik i beogradski klaber, u javnosti je poznat kao \u010dovek koji je radio na iskopavanju ostataka dinosaurusa pa su ga mediji nazvali srpski Indijana D\u017eons, na taj na\u010din je odustao od kandidature, koju je najavljivao u protekla dva meseca.<\/p>\n<p>-Vodili smo te\u0161ke pregovore oko dodeljivanja fotelja. Tra\u017eio sam mesto premijera, ali sam na kraju pristao na dve ministarske fotelje. Li\u010dno, nadam se fotelji ministra za nauku. Po\u0161to sam jedini Srbin koji je iskopao dinosaurusa mislim da \u0107u u tome pomo\u0107i Belom i iskopati istinu u Srbiji, rekao je Fila.<\/p>\n<p>Fila je u Svilajncu po\u010deo u organizaciju prikupljanja potpisa za Belog i, kako ka\u017ee, nada se da \u0107e mu doneti preko 3.000 potpisa.<\/p>\n<p>-Danas sam u Mladenovcu dao svoj glas za Belog. Mla\u0111i je i ja\u010di od mene. Zato sam odlu\u010dio da sve svoje glasove dam svom budu\u0107em predsedniku Srbije \u2013 Belom. Nisam znao da u Srbiji jo\u0161 ima po\u0161tenih ljudi, \u0161to me je Beli razuverio. Znam da \u0107e se neki moji bira\u010di ljutiti, ali siguran sam da je Beli pravi Mojsije, ka\u017ee Fila i dodaje da se li\u010dno uverio da je Beli danas prikupio \u00a0preko 7.000 potpisa, te je re\u0161io sam da u Svilajncu organizuje prikupljanje potpisa za Belog.<\/p>\n<p>On \u0107e kandidaturu Belog \u00a0podr\u017eati sa svojim glasa\u010dima iz Svilajnca, Despotovca, Jagodine, Lapova i Bato\u010dine.<a href=\"https:\/\/centralmedia.rs\/wp-content\/uploads\/2017\/03\/fila-i-beli-privatna-arhiva.jpg\"><img loading=\"lazy\" decoding=\"async\" class=\"aligncenter size-medium wp-image-7013\" src=\"https:\/\/centralmedia.rs\/wp-content\/uploads\/2017\/03\/fila-i-beli-privatna-arhiva-300x269.jpg\" alt=\"\" width=\"300\" height=\"269\" srcset=\"https:\/\/centralmedia.rs\/wp-content\/uploads\/2017\/03\/fila-i-beli-privatna-arhiva-300x269.jpg 300w, https:\/\/centralmedia.rs\/wp-content\/uploads\/2017\/03\/fila-i-beli-privatna-arhiva.jpg 480w\" sizes=\"(max-width: 300px) 100vw, 300px\" \/><\/a><\/p>\n<p>PAROLE<\/p>\n<p>Moje parole ,,Samo nepo\u0161teno\u201d i ,,Ukradi i be\u017ei\u201d bile su mnogo slabije od njegove ,,Samo jako\u201d. Ve\u0107 sam primio mito, ali svi moji tajkuni me podr\u017eavaju u nameri da podr\u017eim Belog. Od ponedeljka \u0161tampamo nove majice i transparente ,,Samo jako \u2013I Fila za Belog\u201d, ,,Bolje belo\u201d, ,,Nije sve tako crno ima i belo\u201d, ka\u017ee Fila.<\/p>\n","protected":false},"excerpt":{"rendered":"<p>SVILAJNAC-\u0160ok me\u0111u srpskim klaberima izazvao je danas njihov kandidat za predsednika Srbije Sr\u0111an Filipovi\u0107 \u2013 Fila iz Svilajnca, kada je objavio da je \u00a0svoje glasove &hellip; <\/p>\n","protected":false},"author":4,"featured_media":7012,"comment_status":"open","ping_status":"open","sticky":false,"template":"","format":"standard","meta":{"footnotes":""},"categories":[1524,2,13,12,1517],"tags":[1723,1555,1556,1724,38],"_links":{"self":[{"href":"https:\/\/centralmedia.rs\/index.php\/wp-json\/wp\/v2\/posts\/7011"}],"collection":[{"href":"https:\/\/centralmedia.rs\/index.php\/wp-json\/wp\/v2\/posts"}],"about":[{"href":"https:\/\/centralmedia.rs\/index.php\/wp-json\/wp\/v2\/types\/post"}],"author":[{"embeddable":true,"href":"https:\/\/centralmedia.rs\/index.php\/wp-json\/wp\/v2\/users\/4"}],"replies":[{"embeddable":true,"href":"https:\/\/centralmedia.rs\/index.php\/wp-json\/wp\/v2\/comments?post=7011"}],"version-history":[{"count":0,"href":"https:\/\/centralmedia.rs\/index.php\/wp-json\/wp\/v2\/posts\/7011\/revisions"}],"wp:featuredmedia":[{"embeddable":true,"href":"https:\/\/centralmedia.rs\/index.php\/wp-json\/wp\/v2\/media\/7012"}],"wp:attachment":[{"href":"https:\/\/centralmedia.rs\/index.php\/wp-json\/wp\/v2\/media?parent=7011"}],"wp:term":[{"taxonomy":"category","embeddable":true,"href":"https:\/\/centralmedia.rs\/index.php\/wp-json\/wp\/v2\/categories?post=7011"},{"taxonomy":"post_tag","embeddable":true,"href":"https:\/\/centralmedia.rs\/index.php\/wp-json\/wp\/v2\/tags?post=7011"}],"curies":[{"name":"wp","href":"https:\/\/api.w.org\/{rel}","templated":true}]}}