{"id":7031,"date":"2017-03-06T23:11:05","date_gmt":"2017-03-06T23:11:05","guid":{"rendered":"http:\/\/centralmedia.rs\/?p=7031"},"modified":"2017-03-06T23:11:05","modified_gmt":"2017-03-06T23:11:05","slug":"fila-verujem-da-ce-mi-moji-glasaci-oprostiti-ostavku-kandidature","status":"publish","type":"post","link":"https:\/\/centralmedia.rs\/index.php\/2017\/03\/06\/fila-verujem-da-ce-mi-moji-glasaci-oprostiti-ostavku-kandidature\/","title":{"rendered":"FILA : VERUJEM DA \u0106E MI MOJI GLASA\u010cI OPROSTITI OSTAVKU KANDIDATURE!"},"content":{"rendered":"<p>NIJE SVE TAKO CRNO IMA I BELO ! &#8211; Ovako se Srdjan Fila Filipovi\u0107 danas izvinio svojim bira\u010dima i pozvao ih da u subotu 11. marta do\u0111u u Svilajnac i daju svoj potpis za Ljubi\u0161u Belog Preleta\u010devi\u0107a. Potpisi \u0107e se sakupljati u centru grada 10.00 do 16.00, a i du\u017ee.<a href=\"https:\/\/centralmedia.rs\/wp-content\/uploads\/2017\/03\/fila-i-beli.jpg\"><img loading=\"lazy\" decoding=\"async\" class=\"alignleft size-medium wp-image-7033\" src=\"https:\/\/centralmedia.rs\/wp-content\/uploads\/2017\/03\/fila-i-beli-197x300.jpg\" alt=\"\" width=\"197\" height=\"300\" srcset=\"https:\/\/centralmedia.rs\/wp-content\/uploads\/2017\/03\/fila-i-beli-197x300.jpg 197w, https:\/\/centralmedia.rs\/wp-content\/uploads\/2017\/03\/fila-i-beli.jpg 315w\" sizes=\"(max-width: 197px) 100vw, 197px\" \/><\/a><\/p>\n<p>Za\u0161to ste odustali od kandidature i pre\u0161li u stranku ,,Sarmu probo nisi&#8221;, a ve\u0107 ste uspe\u0161no vodili kampanju u protekla \u00a0tri meseca?<\/p>\n<p>Fila (suznih o\u010diju): \u00a0Verujte da vi\u0161e nisam mogao da se borim sa tro\u0161kovima. Zadu\u017eio sam se do grla. Preletanje u drugu stranku mi je bilo logi\u010dno re\u0161enje za nastavak politi\u010dke karijere. A \u0161to se dugova ti\u010de voleo bih da objavite da sam primoran da prodam njivu da bih se nekako vratio u \u017eive. Ina\u010de njiva je povr\u0161ine 1.5 hektara na odli\u010dnoj lokaciji ka selu Ku\u0161iljevu do puta. Njivu \u0107u prodati povoljno.Bitno mi je da ostanem u politici kad ve\u0107 nisam mogao da u\u010destvujem u takmi\u010denju Zvezda Granda.<a href=\"https:\/\/centralmedia.rs\/wp-content\/uploads\/2017\/03\/fila-i-beli-1.jpg\"><img loading=\"lazy\" decoding=\"async\" class=\"alignright size-medium wp-image-7034\" src=\"https:\/\/centralmedia.rs\/wp-content\/uploads\/2017\/03\/fila-i-beli-1-169x300.jpg\" alt=\"\" width=\"169\" height=\"300\" srcset=\"https:\/\/centralmedia.rs\/wp-content\/uploads\/2017\/03\/fila-i-beli-1-169x300.jpg 169w, https:\/\/centralmedia.rs\/wp-content\/uploads\/2017\/03\/fila-i-beli-1.jpg 270w\" sizes=\"(max-width: 169px) 100vw, 169px\" \/><\/a><\/p>\n<p>Me\u0111utim, dobra je bila ponuda druge strane, ipak, od ministarskih fotelja o\u010dekuje se da povrate ulo\u017eena sredstva?<\/p>\n<p>Fila: \u0160to se ti\u010de mog transfera kod Belog, mislim da sam dobro pro\u0161ao sa dve ministarske fotelje. Sa tom pogodbom mogao bih napokon da zamenim svoj por\u0161e za novi ferari. Nadam se da Beli ne\u0107e zaboraviti na obe\u0107anje. To sam zaklju\u010dio videv\u0161i njegove bele vunene \u010darape u kojima je ponosno \u0161etao danas u Beogradu. U prestonici sam mu, tako\u0111e, pru\u017eio podr\u0161ku tako \u0161to sam pozvao sve svoje starlete i klabere.<\/p>\n<p>Fila o\u010dekuje veliki odziv gra\u0111ana iz Jagodine, Despotovca, Petrovca na Mlavi, Po\u017earevca, Smederevske Palanke, Velike Plane da do\u0111u u subotu u Svilajnac i daju potpise i podr\u017ee kandidaturu Belog za predsednika Srbije.<\/p>\n","protected":false},"excerpt":{"rendered":"<p>NIJE SVE TAKO CRNO IMA I BELO ! &#8211; Ovako se Srdjan Fila Filipovi\u0107 danas izvinio svojim bira\u010dima i pozvao ih da u subotu 11. &hellip; <\/p>\n","protected":false},"author":4,"featured_media":7032,"comment_status":"open","ping_status":"open","sticky":false,"template":"","format":"standard","meta":{"footnotes":""},"categories":[1524,2,1517],"tags":[1723,1555,643,38],"_links":{"self":[{"href":"https:\/\/centralmedia.rs\/index.php\/wp-json\/wp\/v2\/posts\/7031"}],"collection":[{"href":"https:\/\/centralmedia.rs\/index.php\/wp-json\/wp\/v2\/posts"}],"about":[{"href":"https:\/\/centralmedia.rs\/index.php\/wp-json\/wp\/v2\/types\/post"}],"author":[{"embeddable":true,"href":"https:\/\/centralmedia.rs\/index.php\/wp-json\/wp\/v2\/users\/4"}],"replies":[{"embeddable":true,"href":"https:\/\/centralmedia.rs\/index.php\/wp-json\/wp\/v2\/comments?post=7031"}],"version-history":[{"count":0,"href":"https:\/\/centralmedia.rs\/index.php\/wp-json\/wp\/v2\/posts\/7031\/revisions"}],"wp:featuredmedia":[{"embeddable":true,"href":"https:\/\/centralmedia.rs\/index.php\/wp-json\/wp\/v2\/media\/7032"}],"wp:attachment":[{"href":"https:\/\/centralmedia.rs\/index.php\/wp-json\/wp\/v2\/media?parent=7031"}],"wp:term":[{"taxonomy":"category","embeddable":true,"href":"https:\/\/centralmedia.rs\/index.php\/wp-json\/wp\/v2\/categories?post=7031"},{"taxonomy":"post_tag","embeddable":true,"href":"https:\/\/centralmedia.rs\/index.php\/wp-json\/wp\/v2\/tags?post=7031"}],"curies":[{"name":"wp","href":"https:\/\/api.w.org\/{rel}","templated":true}]}}