{"id":7040,"date":"2017-03-07T11:43:29","date_gmt":"2017-03-07T11:43:29","guid":{"rendered":"http:\/\/centralmedia.rs\/?p=7040"},"modified":"2017-03-07T11:43:29","modified_gmt":"2017-03-07T11:43:29","slug":"atletska-dvorana-se-iz-beograda-seli-u-cupriju-eric-kruna-jedne-price","status":"publish","type":"post","link":"https:\/\/centralmedia.rs\/index.php\/2017\/03\/07\/atletska-dvorana-se-iz-beograda-seli-u-cupriju-eric-kruna-jedne-price\/","title":{"rendered":"ATLETSKA DVORANA SE IZ BEOGRADA SELI U \u0106UPRIJU &#8211; ERI\u0106 : KRUNA JEDNE PRI\u010cE"},"content":{"rendered":"<p>\u0106UPRIJA-Povodom informacije o po\u010detku realizacije projekta Atletske dvorane u \u0106upriji predsednik te op\u0161tine Ninoslav Eri\u0107 izjavio je da je \u0106uprija grad atletike i da je to kruna jedne pri\u010de. Naime, staze i borili\u0161ta sa Evropskog prvenstva bi\u0107e rasklopljeni i preneti u \u0106upriju gde \u0107e po\u010deti izgradnja dvorane.<\/p>\n<p>-Mi smo u prethodnom periodu, prilikom dono\u0161enja odluka u vezi sa sportom i sportskim udru\u017eenjima, atletici dali primat zato \u0161to je \u0106uprija grad atletike \u2013 imamo svetsku \u0161ampionku, imamo evropske \u0161ampione&#8230; Ovo je samo kruna jedne pri\u010de, rekao je Eri\u0107.<\/p>\n<p>Informaciju o atletskoj dvorani \u0106upri\u010dani su dobili pre sedam,osam meseci, i od tada se radi na tom projektu.<\/p>\n<p>-Nije \u0106uprija jedina bila u konkurenciji da dobije stazu i prate\u0107u opremu kori\u0161\u0107enu na Evropskom prvenstvu. Tu su bili i Ni\u0161, Kragujevac, Novi Pazar, Novi Sad, ali smo uspeli da se dogovorimo sa predsednikom Vlade Republike Srbije Aleksandrom Vu\u010di\u0107em, kada je dolazio na otvaranje fabrike Jurofajber, da tu dvoranu dobije ba\u0161 \u0106uprija, podse\u0107a Eri\u0107.<\/p>\n<p>Odmah je zapo\u010deta procedura, izrada projektno-tehni\u010dke dokumentacije, sa Republi\u010dkom direkcijom za imovinu zapo\u010deta je proceduru da dvorana pre\u0111e u vlasni\u0161tvo op\u0161tine \u0106uprija.<\/p>\n<p>-Dobili smo saglasnost i od Atletskog saveza Srbije, od koga imamo veliku pomo\u0107 jer su ljudi iz saveza prepoznali da je \u0106uprija grad atletike i da \u0106uprija treba da ima ovakvu dvoranu. Tako\u0111e je Ministarstvo omladine i sporta podr\u017ealo ovu ideju, i mi smo sa ministrom Vanjom Udovi\u010di\u0107em imali nekoliko sastanaka, a sada se \u010deka samo odluka Vlade<strong>. <\/strong>Mislim da \u0107e ta odluka biti doneta ove, mo\u017eda slede\u0107e nedelje, a samom odlukom vlade pravo javne svojine nad dvoranom pre\u0107i \u0107e na op\u0161tinu \u0106uprija, nabraja Eri\u0107 put koji je pre\u0111en i koji predstoji.<\/p>\n<p>Tog trenutka kre\u0107e se u realizaciju projekta, a o\u010dekuje se da \u0107e izgradnja dvorane po\u010deti u septembru, radovi \u0107e trajati osam do deset meseci. Ako sve bude teklo po planu \u0106uprija \u0107e u avgustu slede\u0107e godine imati zavr\u0161enu atletsku dvoranu potpuno spremnu za jesenju i zimsku sezonu.<\/p>\n<p>TRASNPORT I SME\u0160TAJ STAZE<\/p>\n<p>Do po\u010detka radova na izgradnji dvorane na prostoru pomo\u0107nog stadiona \u201eMorave\u201c, atletska staza i prete\u0107i objekti \u0107e biti sme\u0161teni u hali nekada\u0161nje \u0161tamparije \u201eMladost\u201c, koja je ovih dana pribavljena u javnu svojinu op\u0161tine \u0106uprija. Na dana\u0161njoj sednici Op\u0161tinskog ve\u0107a odobrena su sredstva iz bud\u017eetske rezerve za transport staze i prate\u0107ih objekata od Kombank arene do \u0106uprije.<\/p>\n","protected":false},"excerpt":{"rendered":"<p>\u0106UPRIJA-Povodom informacije o po\u010detku realizacije projekta Atletske dvorane u \u0106upriji predsednik te op\u0161tine Ninoslav Eri\u0107 izjavio je da je \u0106uprija grad atletike i da je &hellip; <\/p>\n","protected":false},"author":4,"featured_media":7041,"comment_status":"open","ping_status":"open","sticky":false,"template":"","format":"standard","meta":{"footnotes":""},"categories":[1515,1524,2],"tags":[44,1576,759],"_links":{"self":[{"href":"https:\/\/centralmedia.rs\/index.php\/wp-json\/wp\/v2\/posts\/7040"}],"collection":[{"href":"https:\/\/centralmedia.rs\/index.php\/wp-json\/wp\/v2\/posts"}],"about":[{"href":"https:\/\/centralmedia.rs\/index.php\/wp-json\/wp\/v2\/types\/post"}],"author":[{"embeddable":true,"href":"https:\/\/centralmedia.rs\/index.php\/wp-json\/wp\/v2\/users\/4"}],"replies":[{"embeddable":true,"href":"https:\/\/centralmedia.rs\/index.php\/wp-json\/wp\/v2\/comments?post=7040"}],"version-history":[{"count":0,"href":"https:\/\/centralmedia.rs\/index.php\/wp-json\/wp\/v2\/posts\/7040\/revisions"}],"wp:featuredmedia":[{"embeddable":true,"href":"https:\/\/centralmedia.rs\/index.php\/wp-json\/wp\/v2\/media\/7041"}],"wp:attachment":[{"href":"https:\/\/centralmedia.rs\/index.php\/wp-json\/wp\/v2\/media?parent=7040"}],"wp:term":[{"taxonomy":"category","embeddable":true,"href":"https:\/\/centralmedia.rs\/index.php\/wp-json\/wp\/v2\/categories?post=7040"},{"taxonomy":"post_tag","embeddable":true,"href":"https:\/\/centralmedia.rs\/index.php\/wp-json\/wp\/v2\/tags?post=7040"}],"curies":[{"name":"wp","href":"https:\/\/api.w.org\/{rel}","templated":true}]}}