{"id":7078,"date":"2017-03-10T09:33:05","date_gmt":"2017-03-10T09:33:05","guid":{"rendered":"http:\/\/centralmedia.rs\/?p=7078"},"modified":"2017-03-10T09:34:11","modified_gmt":"2017-03-10T09:34:11","slug":"jeremic-u-pomoravlju-plate-treba-da-budu-vece","status":"publish","type":"post","link":"https:\/\/centralmedia.rs\/index.php\/2017\/03\/10\/jeremic-u-pomoravlju-plate-treba-da-budu-vece\/","title":{"rendered":"JEREMI\u0106 U POMORAVLJU &#8211; PLATE TREBA DA BUDU VE\u0106E"},"content":{"rendered":"<p>JAGODINA-Kandidat za predsednika Srbije Vuk Jeremi\u0107, prilikom obilaska Pomoravskog okruga, izjavio je da plate treba da budu ve\u0107e, te da \u0107e svako mo\u0107i pristojno da \u017eivi kada on postane predsednik Srbije.<\/p>\n<p>-Plata je u Srbiji 2012. godine bila mnogo ve\u0107a nego danas, a tro\u0161kovi \u017eivota manji. Tu prestaju sve pri\u010de o BDP-u, o MMF-u, stopama rasta. Sada imate manje para, a sve je skuplje. Ne vidim relevantniji na\u010din da vidite li vam je u \u017eivotu dobro ili nije, naglasio je Jeremo\u0107 i dodao da \u00a0aktuelni premijer pri\u010da o ,,zlatnom dobu\u201d Srbije .<\/p>\n<p>-On ka\u017ee da je odli\u010dna vest \u0161to je Rumunija odlu\u010dila da pove\u0107a plate, jer \u0107e sada investitori da dolaze kod nas. Ja se ne sla\u017eem sa takvom vrstom pristupa. Plate treba da budu ve\u0107e, istakao je Jeremi\u0107.<\/p>\n<p>On\u00a0 je ukazao da su u Srbiji u strahu \u010dak i oni koji su na vlasti, i to je vid diktature koji je zasnovan na tome da svako mora biti upla\u0161en, uklju\u010duju\u0107i i one koji su bliski faraonu.<\/p>\n<p>-Mnogi od onih koji su na vlasti, \u0161to u lokalnoj, \u0161to u republi\u010dkoj, imaju debele dosijeu fiokama i zbog toga \u0107ute, kli\u010du velikom vo\u0111i i onda neko koga nemaju u fioci pokvari ceo sistem. To sam ja. Ja nemam \u010dega da se pla\u0161im, istakao je Jeremi\u0107.<\/p>\n<p>Jeremi\u0107 je naglasio da Zakon o poreklu imovine bi\u0107e usvojen za vreme njegovog mandata, ako bude izabran za predsednika.<\/p>\n<p>-To vam obe\u0107avam. A onda \u0107emo krenuti da ga primenjujemo, ali ne selektivno, kao \u0161to u Srbiji postoji selektivna pravda, dodao je on.<\/p>\n<p>On je podsetio da je ova vlast obe\u0107ala da \u0107e ispitati sumnjive privatizacije, ali se to nije dogodilo.<br \/>\nU okviru posete Pomoravskom okrugu Jeremi\u0107 je u obra\u0107anju me\u0161tanima Rekovca poru\u010dio da poljoprivreda mora biti okosnica privrednog razvoja ove zemlje.<\/p>\n<p>&nbsp;<\/p>\n","protected":false},"excerpt":{"rendered":"<p>JAGODINA-Kandidat za predsednika Srbije Vuk Jeremi\u0107, prilikom obilaska Pomoravskog okruga, izjavio je da plate treba da budu ve\u0107e, te da \u0107e svako mo\u0107i pristojno da &hellip; <\/p>\n","protected":false},"author":4,"featured_media":7079,"comment_status":"open","ping_status":"open","sticky":false,"template":"","format":"standard","meta":{"footnotes":""},"categories":[1524,2,1514],"tags":[58,1491,1642],"_links":{"self":[{"href":"https:\/\/centralmedia.rs\/index.php\/wp-json\/wp\/v2\/posts\/7078"}],"collection":[{"href":"https:\/\/centralmedia.rs\/index.php\/wp-json\/wp\/v2\/posts"}],"about":[{"href":"https:\/\/centralmedia.rs\/index.php\/wp-json\/wp\/v2\/types\/post"}],"author":[{"embeddable":true,"href":"https:\/\/centralmedia.rs\/index.php\/wp-json\/wp\/v2\/users\/4"}],"replies":[{"embeddable":true,"href":"https:\/\/centralmedia.rs\/index.php\/wp-json\/wp\/v2\/comments?post=7078"}],"version-history":[{"count":0,"href":"https:\/\/centralmedia.rs\/index.php\/wp-json\/wp\/v2\/posts\/7078\/revisions"}],"wp:featuredmedia":[{"embeddable":true,"href":"https:\/\/centralmedia.rs\/index.php\/wp-json\/wp\/v2\/media\/7079"}],"wp:attachment":[{"href":"https:\/\/centralmedia.rs\/index.php\/wp-json\/wp\/v2\/media?parent=7078"}],"wp:term":[{"taxonomy":"category","embeddable":true,"href":"https:\/\/centralmedia.rs\/index.php\/wp-json\/wp\/v2\/categories?post=7078"},{"taxonomy":"post_tag","embeddable":true,"href":"https:\/\/centralmedia.rs\/index.php\/wp-json\/wp\/v2\/tags?post=7078"}],"curies":[{"name":"wp","href":"https:\/\/api.w.org\/{rel}","templated":true}]}}