{"id":7083,"date":"2017-03-10T09:51:13","date_gmt":"2017-03-10T09:51:13","guid":{"rendered":"http:\/\/centralmedia.rs\/?p=7083"},"modified":"2017-03-10T15:03:25","modified_gmt":"2017-03-10T15:03:25","slug":"jankovic-samo-u-paracinu-jagodina-odlozena","status":"publish","type":"post","link":"https:\/\/centralmedia.rs\/index.php\/2017\/03\/10\/jankovic-samo-u-paracinu-jagodina-odlozena\/","title":{"rendered":"JANKOVI\u0106 SAMO U PARA\u0106INU, JAGODINA ODLO\u017dENA"},"content":{"rendered":"<p>Kandidat za predsednika Srbije Sa\u0161a Jankovi\u0107 u subotu 11. marta poseti\u0107e Para\u0107in, dok je susret sa gra\u0111anima Jagodini odlo\u017een za kraj kampanje, saop\u0161teno je iz njegovog izbornog \u0161taba. U Para\u0107inu je planiran susret Jankovi\u0107a sa gra\u0111anima oko 11.15 \u00a0i \u0161etnja do Cvetnog trga, dok \u0107e se prisutnima u centru grada obratiti u 11.55.<\/p>\n","protected":false},"excerpt":{"rendered":"<p>Kandidat za predsednika Srbije Sa\u0161a Jankovi\u0107 u subotu 11. marta poseti\u0107e Para\u0107in, dok je susret sa gra\u0111anima Jagodini odlo\u017een za kraj kampanje, saop\u0161teno je iz &hellip; <\/p>\n","protected":false},"author":4,"featured_media":7084,"comment_status":"open","ping_status":"open","sticky":false,"template":"","format":"standard","meta":{"footnotes":""},"categories":[1524,2,1514,1516],"tags":[58,156,243],"_links":{"self":[{"href":"https:\/\/centralmedia.rs\/index.php\/wp-json\/wp\/v2\/posts\/7083"}],"collection":[{"href":"https:\/\/centralmedia.rs\/index.php\/wp-json\/wp\/v2\/posts"}],"about":[{"href":"https:\/\/centralmedia.rs\/index.php\/wp-json\/wp\/v2\/types\/post"}],"author":[{"embeddable":true,"href":"https:\/\/centralmedia.rs\/index.php\/wp-json\/wp\/v2\/users\/4"}],"replies":[{"embeddable":true,"href":"https:\/\/centralmedia.rs\/index.php\/wp-json\/wp\/v2\/comments?post=7083"}],"version-history":[{"count":0,"href":"https:\/\/centralmedia.rs\/index.php\/wp-json\/wp\/v2\/posts\/7083\/revisions"}],"wp:featuredmedia":[{"embeddable":true,"href":"https:\/\/centralmedia.rs\/index.php\/wp-json\/wp\/v2\/media\/7084"}],"wp:attachment":[{"href":"https:\/\/centralmedia.rs\/index.php\/wp-json\/wp\/v2\/media?parent=7083"}],"wp:term":[{"taxonomy":"category","embeddable":true,"href":"https:\/\/centralmedia.rs\/index.php\/wp-json\/wp\/v2\/categories?post=7083"},{"taxonomy":"post_tag","embeddable":true,"href":"https:\/\/centralmedia.rs\/index.php\/wp-json\/wp\/v2\/tags?post=7083"}],"curies":[{"name":"wp","href":"https:\/\/api.w.org\/{rel}","templated":true}]}}