{"id":7088,"date":"2017-03-11T09:28:12","date_gmt":"2017-03-11T09:28:12","guid":{"rendered":"http:\/\/centralmedia.rs\/?p=7088"},"modified":"2017-03-11T09:28:12","modified_gmt":"2017-03-11T09:28:12","slug":"ministar-knezevic-primio-bivse-radnike-fabrike-kablova-za-desetak-dana-odgovori-na-zahteve","status":"publish","type":"post","link":"https:\/\/centralmedia.rs\/index.php\/2017\/03\/11\/ministar-knezevic-primio-bivse-radnike-fabrike-kablova-za-desetak-dana-odgovori-na-zahteve\/","title":{"rendered":"MINISTAR KNE\u017dEVI\u0106 PRIMIO BIV\u0160E RADNIKE FABRIKE KABLOVA &#8211; ZA DESETAK DANA ODGOVORI NA ZAHTEVE"},"content":{"rendered":"<p>JAGODINA-Delegaciju biv\u0161ih radnika Fabrike kablova iz Jagodine, koji zahtevaju isplatu dugova i smenu rukovodstva, primio je ministar privrede Goran Kne\u017eevi\u0107 i obe\u0107ao da \u0107e odgovore dobiti za\u00a0 desetak dana. Biv\u0161i radnici su se ve\u0107e nekoliko puta okupljali u Jagodini na protestu tra\u017ee\u0107i po\u0161tovanje potpisanih ugovora.<a href=\"https:\/\/centralmedia.rs\/wp-content\/uploads\/2017\/02\/protestni-skup-3-jagodina-g.j..jpg\"><img loading=\"lazy\" decoding=\"async\" class=\"alignright size-medium wp-image-6896\" src=\"https:\/\/centralmedia.rs\/wp-content\/uploads\/2017\/02\/protestni-skup-3-jagodina-g.j.-300x225.jpg\" alt=\"\" width=\"300\" height=\"225\" srcset=\"https:\/\/centralmedia.rs\/wp-content\/uploads\/2017\/02\/protestni-skup-3-jagodina-g.j.-300x225.jpg 300w, https:\/\/centralmedia.rs\/wp-content\/uploads\/2017\/02\/protestni-skup-3-jagodina-g.j.-768x576.jpg 768w, https:\/\/centralmedia.rs\/wp-content\/uploads\/2017\/02\/protestni-skup-3-jagodina-g.j.-80x60.jpg 80w, https:\/\/centralmedia.rs\/wp-content\/uploads\/2017\/02\/protestni-skup-3-jagodina-g.j.-265x198.jpg 265w, https:\/\/centralmedia.rs\/wp-content\/uploads\/2017\/02\/protestni-skup-3-jagodina-g.j..jpg 900w\" sizes=\"(max-width: 300px) 100vw, 300px\" \/><\/a><\/p>\n<p>-Imaju\u0107i u vidu da je dr\u017eava Srbija poslodavac zahtevali smo smenu generalnog direktora Ratka Vu\u010durovi\u0107a i preispitivanje njegovog rada, kao i preispitivanje rada Samostalnog sindikata. Zahtevamo kontrolu Inspekcije rada, kao i da nadle\u017ene inspekcije obave finansijske provere. Posle toga da se omogu\u0107i povratak biv\u0161ih radnika u Fabriku kablova, ka\u017ee predsednik Organizacionog odbora protesta Dragan Milanovi\u0107.<\/p>\n<p><a href=\"https:\/\/centralmedia.rs\/wp-content\/uploads\/2017\/02\/protestni-skup-4-jagodina-g.j..jpg\"><img loading=\"lazy\" decoding=\"async\" class=\"alignleft size-medium wp-image-6895\" src=\"https:\/\/centralmedia.rs\/wp-content\/uploads\/2017\/02\/protestni-skup-4-jagodina-g.j.-300x225.jpg\" alt=\"\" width=\"300\" height=\"225\" srcset=\"https:\/\/centralmedia.rs\/wp-content\/uploads\/2017\/02\/protestni-skup-4-jagodina-g.j.-300x225.jpg 300w, https:\/\/centralmedia.rs\/wp-content\/uploads\/2017\/02\/protestni-skup-4-jagodina-g.j.-768x576.jpg 768w, https:\/\/centralmedia.rs\/wp-content\/uploads\/2017\/02\/protestni-skup-4-jagodina-g.j.-80x60.jpg 80w, https:\/\/centralmedia.rs\/wp-content\/uploads\/2017\/02\/protestni-skup-4-jagodina-g.j.-265x198.jpg 265w, https:\/\/centralmedia.rs\/wp-content\/uploads\/2017\/02\/protestni-skup-4-jagodina-g.j..jpg 900w\" sizes=\"(max-width: 300px) 100vw, 300px\" \/><\/a>Biv\u0161i radnici su sve nepravilnosti i kr\u0161enja zakona od strane generalnog direktora i menad\u017ementa dokumentovali i predali ministru Kne\u017eevi\u0107u.<\/p>\n<p>&#8211; Najodgovorniji za ovakvo stanje je generalni direktor Vu\u010durovi\u0107 i zato tra\u017eimo njegovu odgovornost. Ministar je rekao da fabrika treba da radi i da \u0107e nas o svemu obavestiti u roku od deset dana. Potencirali smo da treba re\u0161iti sistemski polo\u017eaj biv\u0161ih radnika. Tu nije re\u010d o 20 radnika, ve\u0107 o 20.000 radnika u Srbiji. Postoje razmi\u0161ljanja o isplati jednokratne pomo\u0107i nezaposlenima, rekao je Milanovi\u0107<\/p>\n<p>Biv\u0161i radnici zahtevaju isplatu tri zaostale zarade, povezivanje radnog sta\u017ea\u00a0 za pet godina, isplata jubilarnih nagrada, putnih tro\u0161kova, razlike u zaradama do granske cene rada, kao i ostala dugovanja. Radnici \u0107e se u sredu ponovo okupiti ispred poslovne zgrade tog preduze\u0107a i 10 sati.<\/p>\n","protected":false},"excerpt":{"rendered":"<p>JAGODINA-Delegaciju biv\u0161ih radnika Fabrike kablova iz Jagodine, koji zahtevaju isplatu dugova i smenu rukovodstva, primio je ministar privrede Goran Kne\u017eevi\u0107 i obe\u0107ao da \u0107e odgovore &hellip; <\/p>\n","protected":false},"author":4,"featured_media":6898,"comment_status":"open","ping_status":"open","sticky":false,"template":"","format":"standard","meta":{"footnotes":""},"categories":[22,1524,2,1514],"tags":[1689,368,1734,523],"_links":{"self":[{"href":"https:\/\/centralmedia.rs\/index.php\/wp-json\/wp\/v2\/posts\/7088"}],"collection":[{"href":"https:\/\/centralmedia.rs\/index.php\/wp-json\/wp\/v2\/posts"}],"about":[{"href":"https:\/\/centralmedia.rs\/index.php\/wp-json\/wp\/v2\/types\/post"}],"author":[{"embeddable":true,"href":"https:\/\/centralmedia.rs\/index.php\/wp-json\/wp\/v2\/users\/4"}],"replies":[{"embeddable":true,"href":"https:\/\/centralmedia.rs\/index.php\/wp-json\/wp\/v2\/comments?post=7088"}],"version-history":[{"count":0,"href":"https:\/\/centralmedia.rs\/index.php\/wp-json\/wp\/v2\/posts\/7088\/revisions"}],"wp:featuredmedia":[{"embeddable":true,"href":"https:\/\/centralmedia.rs\/index.php\/wp-json\/wp\/v2\/media\/6898"}],"wp:attachment":[{"href":"https:\/\/centralmedia.rs\/index.php\/wp-json\/wp\/v2\/media?parent=7088"}],"wp:term":[{"taxonomy":"category","embeddable":true,"href":"https:\/\/centralmedia.rs\/index.php\/wp-json\/wp\/v2\/categories?post=7088"},{"taxonomy":"post_tag","embeddable":true,"href":"https:\/\/centralmedia.rs\/index.php\/wp-json\/wp\/v2\/tags?post=7088"}],"curies":[{"name":"wp","href":"https:\/\/api.w.org\/{rel}","templated":true}]}}