{"id":7092,"date":"2017-03-11T15:04:59","date_gmt":"2017-03-11T15:04:59","guid":{"rendered":"http:\/\/centralmedia.rs\/?p=7092"},"modified":"2017-03-11T15:05:56","modified_gmt":"2017-03-11T15:05:56","slug":"sasa-jankovic-u-paracinu-stomak-odlucio-ne-moze-vise-ovako","status":"publish","type":"post","link":"https:\/\/centralmedia.rs\/index.php\/2017\/03\/11\/sasa-jankovic-u-paracinu-stomak-odlucio-ne-moze-vise-ovako\/","title":{"rendered":"SA\u0160A JANKOVI\u0106 U PARA\u0106INU &#8211; STOMAK ODLU\u010cIO, NE MO\u017dE VI\u0160E OVAKO"},"content":{"rendered":"<p>PARA\u0106IN-Kandidat za predsednika Srbije Sa\u0161a Jankovi\u0107 izjavio je danas na mitingu u Para\u0107inu da je odluka o njegovoj kandidaturi odluka koja dolazi iz stomaka, jer ,,ne mo\u017ee vi\u0161e ovako&#8221;. Me\u0111u gra\u0111anima Para\u0107ina I Pomoravlja, Jakovi\u0107u su podr\u0161ku dali lider DS Dragan \u0160utanovac, poslanici te partije, akademik Du\u0161an Teodorovi\u0107 i pisac Marko \u0160eli\u0107 &#8211; Mar\u010delo. \u00a0<a href=\"https:\/\/centralmedia.rs\/wp-content\/uploads\/2017\/03\/jankovic-2-paracin-g.j..jpg\"><img loading=\"lazy\" decoding=\"async\" class=\"alignleft size-medium wp-image-7094\" src=\"https:\/\/centralmedia.rs\/wp-content\/uploads\/2017\/03\/jankovic-2-paracin-g.j.-300x188.jpg\" alt=\"\" width=\"300\" height=\"188\" srcset=\"https:\/\/centralmedia.rs\/wp-content\/uploads\/2017\/03\/jankovic-2-paracin-g.j.-300x188.jpg 300w, https:\/\/centralmedia.rs\/wp-content\/uploads\/2017\/03\/jankovic-2-paracin-g.j.-768x480.jpg 768w, https:\/\/centralmedia.rs\/wp-content\/uploads\/2017\/03\/jankovic-2-paracin-g.j..jpg 960w\" sizes=\"(max-width: 300px) 100vw, 300px\" \/><\/a><\/p>\n<p>-Re\u017eim Aleksandra Vu\u010di\u0107a ne mo\u017ee se popraviti, govore o reformama,\u00a0 ne mo\u017ee se reformisati. Probali smo svi, \u017eeleli smo da zaboravimo neke stavri, hajde da probamo. \u0160to smo bolji, oni su gori. Zbog toga taj re\u017eim moramo da promenimo. To \u0107e se desiti na predsedni\u010dkim izborima i nastavi\u0107e da se de\u0161ava i posle toga, rekao je Jankovi\u0107 .<\/p>\n<p>On je Para\u0107ince pozdravio ,,Do i posle pobede\u201d. \u00a0\u00a0\u00a0\u00a0<a href=\"https:\/\/centralmedia.rs\/wp-content\/uploads\/2017\/03\/jankovic-i-marcelo-1-paracin-g.j..jpg\"><img loading=\"lazy\" decoding=\"async\" class=\"alignright size-medium wp-image-7095\" src=\"https:\/\/centralmedia.rs\/wp-content\/uploads\/2017\/03\/jankovic-i-marcelo-1-paracin-g.j.-300x225.jpg\" alt=\"\" width=\"300\" height=\"225\" srcset=\"https:\/\/centralmedia.rs\/wp-content\/uploads\/2017\/03\/jankovic-i-marcelo-1-paracin-g.j.-300x225.jpg 300w, https:\/\/centralmedia.rs\/wp-content\/uploads\/2017\/03\/jankovic-i-marcelo-1-paracin-g.j.-768x576.jpg 768w, https:\/\/centralmedia.rs\/wp-content\/uploads\/2017\/03\/jankovic-i-marcelo-1-paracin-g.j.-80x60.jpg 80w, https:\/\/centralmedia.rs\/wp-content\/uploads\/2017\/03\/jankovic-i-marcelo-1-paracin-g.j.-265x198.jpg 265w, https:\/\/centralmedia.rs\/wp-content\/uploads\/2017\/03\/jankovic-i-marcelo-1-paracin-g.j..jpg 900w\" sizes=\"(max-width: 300px) 100vw, 300px\" \/><\/a><\/p>\n<p>-Srbija ne sme da bude oaza ne slobode u Evropi. Za tri nedelje to \u0107emo po\u010deti da menjamo, uz vas ni\u0161ta nije nemogu\u0107e. Ne mo\u017eemo i\u0107i u budu\u0107nost tako \u0161to \u0107emo od institucija praviti krpe. Tako \u0161to \u0107e neka bratija o nama da odlu\u010dije kako god po\u017eeli. Ne mo\u017eemo se boriti protiv nezaposelnosti tako \u0161to \u0107emo praviti radne logore u Srbiji. Ne mo\u017ee Srbija re\u0161avati me\u0111unarodne odnose tajnim\u00a0 pregovorima sa drugim zemljama. Nismo od ju\u010de, ova zemlja zna za bolje i mo\u017ee bolje. To bolje \u0107e da se desi, rekao je Jankovi\u0107 obra\u0107aju\u0107i se Para\u0107incima i dodao da ,,\u017eelimo da budemo dostojanstveni gra\u0111ani, da se niko na nas ne istresa, da nas ne nanziva lenjivcima, neobrazovanima, olo\u0161em, sve\u00a0 \u0161to ka\u017eu govore o sebi\u201c.<a href=\"https:\/\/centralmedia.rs\/wp-content\/uploads\/2017\/03\/jankovic-3-paracin-g.j..jpg\"><img loading=\"lazy\" decoding=\"async\" class=\"alignleft size-medium wp-image-7096\" src=\"https:\/\/centralmedia.rs\/wp-content\/uploads\/2017\/03\/jankovic-3-paracin-g.j.-300x225.jpg\" alt=\"\" width=\"300\" height=\"225\" srcset=\"https:\/\/centralmedia.rs\/wp-content\/uploads\/2017\/03\/jankovic-3-paracin-g.j.-300x225.jpg 300w, https:\/\/centralmedia.rs\/wp-content\/uploads\/2017\/03\/jankovic-3-paracin-g.j.-768x576.jpg 768w, https:\/\/centralmedia.rs\/wp-content\/uploads\/2017\/03\/jankovic-3-paracin-g.j.-80x60.jpg 80w, https:\/\/centralmedia.rs\/wp-content\/uploads\/2017\/03\/jankovic-3-paracin-g.j.-265x198.jpg 265w, https:\/\/centralmedia.rs\/wp-content\/uploads\/2017\/03\/jankovic-3-paracin-g.j..jpg 900w\" sizes=\"(max-width: 300px) 100vw, 300px\" \/><\/a><\/p>\n<p>-\u017delimo da pobedimo\u00a0 da bi Srbiji bilo bolje, ali ne \u017eelimo da pobedimo ni jednog \u010doveka, svima \u0107e biti bolje. \u017delimo Srbiju u kojoj \u0107e svi i\u0107i visoko podignute galve, ne kao danas da nas sopstvena vlast poni\u017eava,da se pla\u0161imo sopstvene vlasti. Dr\u017eava treba da se pla\u0161i gra\u0111ana, ne gra\u0111ani dr\u017eave, istakao je Jankovi\u0107 i zaklju\u010dio da ,,ne mo\u017eemo kroz 21. vek i\u0107i sa onima koji su nas u 20. ponizili, obes\u010dastili, zbog kojih su drugi trpeli i mi postali u svetu neko od kojih se okre\u0107e glava. Vrati\u0107emo ponos u Srbiju\u201c.<\/p>\n<p>Akademik Teodorovi\u0107 je upozorio da su u Vladi Srbiji minsitri prijatelji kriminalaca.<a href=\"https:\/\/centralmedia.rs\/wp-content\/uploads\/2017\/03\/jankovic-i-sns-protest-1-paracin-g.j..jpg\"><img loading=\"lazy\" decoding=\"async\" class=\"alignright size-medium wp-image-7097\" src=\"https:\/\/centralmedia.rs\/wp-content\/uploads\/2017\/03\/jankovic-i-sns-protest-1-paracin-g.j.-300x133.jpg\" alt=\"\" width=\"300\" height=\"133\" srcset=\"https:\/\/centralmedia.rs\/wp-content\/uploads\/2017\/03\/jankovic-i-sns-protest-1-paracin-g.j.-300x133.jpg 300w, https:\/\/centralmedia.rs\/wp-content\/uploads\/2017\/03\/jankovic-i-sns-protest-1-paracin-g.j.-768x341.jpg 768w, https:\/\/centralmedia.rs\/wp-content\/uploads\/2017\/03\/jankovic-i-sns-protest-1-paracin-g.j.-1024x454.jpg 1024w, https:\/\/centralmedia.rs\/wp-content\/uploads\/2017\/03\/jankovic-i-sns-protest-1-paracin-g.j..jpg 1353w\" sizes=\"(max-width: 300px) 100vw, 300px\" \/><\/a><\/p>\n<p>-Ministar inostranih poslova i prvi potredsednik je prijatelj Mi\u0161e Banane, njegov \u0161ef kabineta Lazarevi\u0107 je razgovarao sa dilerima droge, to je snimljeno. Ministar zdravlja je prijatelj Zemunskog klana. Srbija zaslu\u017euje mnogo bolje. Budu\u0107i predsednik Srbije je vrhovni komandant Vojske Srbije. Sa\u0161a je \u010dasno odslu\u017eio svoju obavezu i odazvao se na poziv kao rezervista. Stra\u0161no bih voleo da glavni kandidati poka\u017ee svoj vojni dosije, rekao je Teodorovi\u0107<\/p>\n<p>Pisac i umetnik Marko \u0160eli\u0107 Mar\u010delo istakao je da je Srbija podeljena sredina i da izbori ne smeju da se pretvore u ,,hvatanje za gu\u0161e\u201c.<a href=\"https:\/\/centralmedia.rs\/wp-content\/uploads\/2017\/03\/jankovic-i-marcelo-paracin-g.j..jpg\"><img loading=\"lazy\" decoding=\"async\" class=\"alignleft size-medium wp-image-7098\" src=\"https:\/\/centralmedia.rs\/wp-content\/uploads\/2017\/03\/jankovic-i-marcelo-paracin-g.j.-300x225.jpg\" alt=\"\" width=\"300\" height=\"225\" srcset=\"https:\/\/centralmedia.rs\/wp-content\/uploads\/2017\/03\/jankovic-i-marcelo-paracin-g.j.-300x225.jpg 300w, https:\/\/centralmedia.rs\/wp-content\/uploads\/2017\/03\/jankovic-i-marcelo-paracin-g.j.-768x576.jpg 768w, https:\/\/centralmedia.rs\/wp-content\/uploads\/2017\/03\/jankovic-i-marcelo-paracin-g.j.-80x60.jpg 80w, https:\/\/centralmedia.rs\/wp-content\/uploads\/2017\/03\/jankovic-i-marcelo-paracin-g.j.-265x198.jpg 265w, https:\/\/centralmedia.rs\/wp-content\/uploads\/2017\/03\/jankovic-i-marcelo-paracin-g.j..jpg 900w\" sizes=\"(max-width: 300px) 100vw, 300px\" \/><\/a><\/p>\n<p>-Ne podr\u017eavam bla\u0107enje \u00a0po Leontini, Buletu Gonci\u0107u, Ivani \u0160panovi\u0107, to je njihovo pravo i jednako neumesno kao \u0161to se de\u0161ava Dudi Ivkovi\u0107u, kao ni bla\u0107enje prema Belom Preleta\u010devi\u0107u, koji je sjajan momak. Ta klima ve\u0107 25 godina sti\u017ee od glavnog \u010doveka, upravo sa onog mesta odakle bi trebalo da sti\u017ee re\u010d tolerancije. Upravo odatle sti\u017ee stra\u0161an govor mr\u017enje, stra\u0161no diskreditovanje kroz njegove medije. Svi smo Sore\u0161evci, verovatno i vi, naglasio je Mar\u010delo. \u00a0\u00a0\u00a0<a href=\"https:\/\/centralmedia.rs\/wp-content\/uploads\/2017\/03\/roza-pipernburg-paracin-g.j..jpg\"><img loading=\"lazy\" decoding=\"async\" class=\"alignright size-medium wp-image-7099\" src=\"https:\/\/centralmedia.rs\/wp-content\/uploads\/2017\/03\/roza-pipernburg-paracin-g.j.-300x193.jpg\" alt=\"\" width=\"300\" height=\"193\" srcset=\"https:\/\/centralmedia.rs\/wp-content\/uploads\/2017\/03\/roza-pipernburg-paracin-g.j.-300x193.jpg 300w, https:\/\/centralmedia.rs\/wp-content\/uploads\/2017\/03\/roza-pipernburg-paracin-g.j.-768x494.jpg 768w, https:\/\/centralmedia.rs\/wp-content\/uploads\/2017\/03\/roza-pipernburg-paracin-g.j..jpg 932w\" sizes=\"(max-width: 300px) 100vw, 300px\" \/><\/a><\/p>\n<p>Najstarija me\u0111u u\u010desnicima \u0161etnje i mitinga bila je Roza Pipenburg (83) iz Para\u0107ina.<\/p>\n<p>SNS OKUPLJANJE<\/p>\n<p>Grupa para\u0107inskih \u010dlanova SNS okupila se u centru grada sa trotoara na glavnoj ulici malahala zastavama nasuprot koloni gra\u0111ana koja \u0161etala ulicom u znak podr\u0161ke Sa\u0161i Jankovi\u0107.<a href=\"https:\/\/centralmedia.rs\/wp-content\/uploads\/2017\/03\/jankovic-i-sns-protest-3-paracin-g.j..jpg\"><img loading=\"lazy\" decoding=\"async\" class=\"alignleft size-medium wp-image-7100\" src=\"https:\/\/centralmedia.rs\/wp-content\/uploads\/2017\/03\/jankovic-i-sns-protest-3-paracin-g.j.-300x194.jpg\" alt=\"\" width=\"300\" height=\"194\" srcset=\"https:\/\/centralmedia.rs\/wp-content\/uploads\/2017\/03\/jankovic-i-sns-protest-3-paracin-g.j.-300x194.jpg 300w, https:\/\/centralmedia.rs\/wp-content\/uploads\/2017\/03\/jankovic-i-sns-protest-3-paracin-g.j.-768x497.jpg 768w, https:\/\/centralmedia.rs\/wp-content\/uploads\/2017\/03\/jankovic-i-sns-protest-3-paracin-g.j..jpg 927w\" sizes=\"(max-width: 300px) 100vw, 300px\" \/><\/a><\/p>\n<p>PARA\u0106IN<\/p>\n<p>-U oazi smo slobode u Srbiji. Vi ste uspeli da pro\u0161le godine i proteklih 20 godina da ostanete oaza slobode u Srbiji i ja vam \u010destitam na tome, rekao je Jankovi\u0107 u obra\u0107anju Para\u0107incima.<\/p>\n<p>&nbsp;<\/p>\n","protected":false},"excerpt":{"rendered":"<p>PARA\u0106IN-Kandidat za predsednika Srbije Sa\u0161a Jankovi\u0107 izjavio je danas na mitingu u Para\u0107inu da je odluka o njegovoj kandidaturi odluka koja dolazi iz stomaka, jer &hellip; <\/p>\n","protected":false},"author":4,"featured_media":7093,"comment_status":"open","ping_status":"open","sticky":false,"template":"","format":"standard","meta":{"footnotes":""},"categories":[1524,2,1516,13,12],"tags":[156,243],"_links":{"self":[{"href":"https:\/\/centralmedia.rs\/index.php\/wp-json\/wp\/v2\/posts\/7092"}],"collection":[{"href":"https:\/\/centralmedia.rs\/index.php\/wp-json\/wp\/v2\/posts"}],"about":[{"href":"https:\/\/centralmedia.rs\/index.php\/wp-json\/wp\/v2\/types\/post"}],"author":[{"embeddable":true,"href":"https:\/\/centralmedia.rs\/index.php\/wp-json\/wp\/v2\/users\/4"}],"replies":[{"embeddable":true,"href":"https:\/\/centralmedia.rs\/index.php\/wp-json\/wp\/v2\/comments?post=7092"}],"version-history":[{"count":0,"href":"https:\/\/centralmedia.rs\/index.php\/wp-json\/wp\/v2\/posts\/7092\/revisions"}],"wp:featuredmedia":[{"embeddable":true,"href":"https:\/\/centralmedia.rs\/index.php\/wp-json\/wp\/v2\/media\/7093"}],"wp:attachment":[{"href":"https:\/\/centralmedia.rs\/index.php\/wp-json\/wp\/v2\/media?parent=7092"}],"wp:term":[{"taxonomy":"category","embeddable":true,"href":"https:\/\/centralmedia.rs\/index.php\/wp-json\/wp\/v2\/categories?post=7092"},{"taxonomy":"post_tag","embeddable":true,"href":"https:\/\/centralmedia.rs\/index.php\/wp-json\/wp\/v2\/tags?post=7092"}],"curies":[{"name":"wp","href":"https:\/\/api.w.org\/{rel}","templated":true}]}}