{"id":7111,"date":"2017-03-13T10:29:29","date_gmt":"2017-03-13T10:29:29","guid":{"rendered":"http:\/\/centralmedia.rs\/?p=7111"},"modified":"2017-03-13T10:32:06","modified_gmt":"2017-03-13T10:32:06","slug":"za-koga-ce-glasati-kosovski-srbi-na-predsednikim-izborima","status":"publish","type":"post","link":"https:\/\/centralmedia.rs\/index.php\/2017\/03\/13\/za-koga-ce-glasati-kosovski-srbi-na-predsednikim-izborima\/","title":{"rendered":"ZA KOGA \u0106E GLASATI KOSOVSKI SRBI NA PREDSEDNIKIM IZBORIMA"},"content":{"rendered":"<p>PI\u0160E : Petar Mileti\u0107<\/p>\n<p>Kada je premijer bio Vojislav Ko\u0161tunica, Srbi sa Kosova svoje poverenje su dali Demokratskoj stranci Srbije, kada je predsednik bio Boris Tadi\u0107, kosovski Srbi su prepoznali svoje interese u Demokratskoj stranci.<\/p>\n<p>\u010cik pogodite za koga \u0107e glasati na nastupaju\u0107im predsedni\u010dkim izborima. Naravno za Srpsku naprednu stranku iz \u010dega se dalje zaklju\u010duje da kosovski Srbi uvek glasaju za onoga ko je na vlasti.<\/p>\n<p>Ta pojava nije bez razloga i zbog ove pojave kosovski Srbi nisu manje vredni niti politi\u010dki obrazovani od gra\u0111ana u ostatku Srbije.<\/p>\n<p>Naime, na Kosovu se onaj koji je trenutno na vlasti poistove\u0107uje sa dr\u017eavom i od njega se o\u010dekuje da Srbima na Kosovu pru\u017ei za\u0161titu, sigurnost, izvesnost, a to mo\u017ee samo onaj koji je ovoga trenutka u poziciji da im to obezbedi. Zatim, institucije u kojima su Srbi zaposleni na Kosovu, a pod ingerencijom su Republike Srbije, su pod jakim uticajem onih koji ih vode i prakti\u010dno direktori tih institucija i ustanova imaju ovla\u0161\u0107enja skoro kao da su vlasnici iz \u010dega dalje proizilazi da je njihov uticaj prilikom glasanja na izborima na svoje uposlene jo\u0161 ja\u010di.<\/p>\n<p>U aktuelnoj situaciji uticaj o kome govorimo, a mo\u017eda bi pritisak bio adekvatniji termin, bi\u0107e jo\u0161 intenzivniji jer su \u010dak i oni bira\u010di koji rade u kosovskim institucijama zavisni od Srpske napredne stranke koja pod kontrolom ima predstavnike Srba u kosovskim institucijama.<\/p>\n<p>Ovde govorimo o realnim glasovima Srba sa Kosova, dakle onima koji \u0107e listi\u0107 na kome je zaokru\u017een jedan kandidat ubaciti u bira\u010dku kutiju. Da li \u0107e biti i kra\u0111e glasova kao \u0161to je to bio slu\u010daj na poslednjim parlamentarnim izborima, vide\u0107emo. Ustavni sud Srbije o\u010digledno poku\u0161ava da spre\u010di da se to ponovi merom da se glasovi moraju brojati na licu mesta, a ne u Vranju i Ra\u0161ki kako je to bio slu\u010daj na poslednjim izborima.<\/p>\n<p>Da demistifikujemo i taj doga\u0111aj. Dakle, na Kosovu se glasalo na parlamentarnim izborima na smanjenom broju bira\u010dkih mesta, ali se ipak glasalo. Kutije su se zape\u010datile na licu mesta bez otvaranja i nosile u Ra\u0161ku i Vranje gde su se brojali glasovi. Listi\u0107i su se ubacivali u koverte na kojima je sa spoljne strane bilo napisano ime liste. I ako ste mislili da su oni koji su prekrajali bira\u010dku volju bili kreativni varate se. Oni su jednostavno za koga god da ste glasali listi\u0107 ubacivali u kovertu na kojoj je pisalo SNS. Pone\u0161to bi ostavili i drugim strankama. Obzirom da se brojalo celu no\u0107, pa su listi\u0107i putovali za Beograd do uve\u010de, vreme predvi\u0111eno za \u017ealbe je isteklo te je ta izborna malverzacija (p)ostala fakti\u010dko stanje.<\/p>\n<p>I pored svega ovoga nepravedno bi bilo optu\u017eivati kosovske Srbe za odlu\u010duju\u0107i uticaj na izborni proces jer se ukupno radi oko tridesetak hiljada glasova koji nikad ne odlu\u010de rezultat. \u010cak ni u vreme devedesetih kada su Albanci masovno &#8220;glasali&#8221; za Slobodana Milo\u0161evi\u0107a (poga\u0111ate i Srbi) glasovi sa Kosova nisu odlu\u010divali pobednika. To naravno ne umanjuje odgovornost svakog glasa\u010da pojedina\u010dno.<\/p>\n<p>Usu\u0111ujem se da prognoziram da \u0107e Aleksandar Vu\u010di\u0107 odneti ubedljiviju pobedu na Kosovu nego u drugim delovima Srbije bez obzira na totalni fijasko njegove politike prema kosovskim Srbima.<\/p>\n<p>Njegovo glavno obe\u0107anje da \u0107e formirati Zajednicu srpskih op\u0161tina nije ispunjeno. Naravno uvek je lako za to optu\u017eiti zle Albance i me\u0111unarodnu zajednicu koja ima dvostruke standarde, a kakve drugo. Ali nema ni radnih mesta, infrastrukturnih projekata, nema najavljene Sun\u010dane doline, fabrike tekstila u Zubinom potoku, Ski centar Brezovica ne radi, voz nije stigao, a zid je sru\u0161en.<\/p>\n<p>I pored toga predstavnici Srba sa Kosova izjavljuju da su jedinstveni u podr\u0161ci Aleksandru Vu\u010di\u0107u. Nisu, jedan ih je manje. Ja \u0107u glasati za Sa\u0161u Jankovi\u0107a.<\/p>\n<p>Ne znam kakva je njegova politika prema Kosovu ili kosovskim Srbima ali ako uspe da napravi korak ka stvaranju pristojnije, ure\u0111enije, organizovanije Srbije verujem da \u0107e biti bolje i kosovskim Srbima.<\/p>\n<p><strong>Petar Mileti\u0107 je politi\u010dki analiti\u010dar, biv\u0161i potpredsednik Skup\u0161tine Kosova, vrstan poznavalac tamo\u0161nje situacije i osoba s velikim iskustvom u poku\u0161ajima re\u0161avanja niza problema Srba na Kosovu.<\/strong><\/p>\n","protected":false},"excerpt":{"rendered":"<p>PI\u0160E : Petar Mileti\u0107 Kada je premijer bio Vojislav Ko\u0161tunica, Srbi sa Kosova svoje poverenje su dali Demokratskoj stranci Srbije, kada je predsednik bio Boris &hellip; <\/p>\n","protected":false},"author":4,"featured_media":6789,"comment_status":"open","ping_status":"open","sticky":false,"template":"","format":"standard","meta":{"footnotes":""},"categories":[2,19,12],"tags":[77,1737,1665,1491],"_links":{"self":[{"href":"https:\/\/centralmedia.rs\/index.php\/wp-json\/wp\/v2\/posts\/7111"}],"collection":[{"href":"https:\/\/centralmedia.rs\/index.php\/wp-json\/wp\/v2\/posts"}],"about":[{"href":"https:\/\/centralmedia.rs\/index.php\/wp-json\/wp\/v2\/types\/post"}],"author":[{"embeddable":true,"href":"https:\/\/centralmedia.rs\/index.php\/wp-json\/wp\/v2\/users\/4"}],"replies":[{"embeddable":true,"href":"https:\/\/centralmedia.rs\/index.php\/wp-json\/wp\/v2\/comments?post=7111"}],"version-history":[{"count":0,"href":"https:\/\/centralmedia.rs\/index.php\/wp-json\/wp\/v2\/posts\/7111\/revisions"}],"wp:featuredmedia":[{"embeddable":true,"href":"https:\/\/centralmedia.rs\/index.php\/wp-json\/wp\/v2\/media\/6789"}],"wp:attachment":[{"href":"https:\/\/centralmedia.rs\/index.php\/wp-json\/wp\/v2\/media?parent=7111"}],"wp:term":[{"taxonomy":"category","embeddable":true,"href":"https:\/\/centralmedia.rs\/index.php\/wp-json\/wp\/v2\/categories?post=7111"},{"taxonomy":"post_tag","embeddable":true,"href":"https:\/\/centralmedia.rs\/index.php\/wp-json\/wp\/v2\/tags?post=7111"}],"curies":[{"name":"wp","href":"https:\/\/api.w.org\/{rel}","templated":true}]}}