{"id":7115,"date":"2017-03-13T12:55:06","date_gmt":"2017-03-13T12:55:06","guid":{"rendered":"http:\/\/centralmedia.rs\/?p=7115"},"modified":"2017-03-15T15:11:34","modified_gmt":"2017-03-15T15:11:34","slug":"nou-fest-2017-5-regionalni-sajam-znanja","status":"publish","type":"post","link":"https:\/\/centralmedia.rs\/index.php\/2017\/03\/13\/nou-fest-2017-5-regionalni-sajam-znanja\/","title":{"rendered":"NOU FEST 2017 &#8211; 5. REGIONALNI SAJAM ZNANJA"},"content":{"rendered":"<p>\u0106UPRIJA-Pokrovitelj NOU festa 2017 je Op\u0161tina \u0106uprija, a odr\u017eava se 16. i 17. marta u Visokoj medicinskoj \u0161koli, tema 5. Regionalnog sajma znanja je institute za nuklearne nauke Vin\u010da.<\/p>\n<div id='gallery-1' class='gallery galleryid-7115 gallery-columns-2 gallery-size-full'><figure class='gallery-item'>\n\t\t\t<div class='gallery-icon portrait'>\n\t\t\t\t<a href='https:\/\/centralmedia.rs\/index.php\/2017\/03\/13\/nou-fest-2017-5-regionalni-sajam-znanja\/prateciprogram16-page-001\/'><img loading=\"lazy\" decoding=\"async\" width=\"1240\" height=\"1754\" src=\"https:\/\/centralmedia.rs\/wp-content\/uploads\/2017\/03\/prateciprogram16-page-001.jpg\" class=\"attachment-full size-full\" alt=\"\" srcset=\"https:\/\/centralmedia.rs\/wp-content\/uploads\/2017\/03\/prateciprogram16-page-001.jpg 1240w, https:\/\/centralmedia.rs\/wp-content\/uploads\/2017\/03\/prateciprogram16-page-001-212x300.jpg 212w, https:\/\/centralmedia.rs\/wp-content\/uploads\/2017\/03\/prateciprogram16-page-001-768x1086.jpg 768w, https:\/\/centralmedia.rs\/wp-content\/uploads\/2017\/03\/prateciprogram16-page-001-724x1024.jpg 724w\" sizes=\"(max-width: 1240px) 100vw, 1240px\" \/><\/a>\n\t\t\t<\/div><\/figure><figure class='gallery-item'>\n\t\t\t<div class='gallery-icon portrait'>\n\t\t\t\t<a href='https:\/\/centralmedia.rs\/index.php\/2017\/03\/13\/nou-fest-2017-5-regionalni-sajam-znanja\/prateciprogram17-page-002-724x1024\/'><img loading=\"lazy\" decoding=\"async\" width=\"724\" height=\"1024\" src=\"https:\/\/centralmedia.rs\/wp-content\/uploads\/2017\/03\/prateciprogram17-page-002-724x1024.jpg\" class=\"attachment-full size-full\" alt=\"\" srcset=\"https:\/\/centralmedia.rs\/wp-content\/uploads\/2017\/03\/prateciprogram17-page-002-724x1024.jpg 724w, https:\/\/centralmedia.rs\/wp-content\/uploads\/2017\/03\/prateciprogram17-page-002-724x1024-212x300.jpg 212w\" sizes=\"(max-width: 724px) 100vw, 724px\" \/><\/a>\n\t\t\t<\/div><\/figure>\n\t\t<\/div>\n\n<p>Pod sloganom \u201eOdli\u010dan (5)\u201c ovogodi\u0161nji NOUFEST\u00a0 bi\u0107e pravo mesto za \u0111ake, budu\u0107e studente, profesionalce, ali\u00a0 i roditelje, za upoznavanje sa programima \u0161kola i fakulteta iz Srbije, potencijalnim poslodavcima i budu\u0107im profesijama, ali i mesto novih znanja, poznanstava i iskustava.<\/p>\n<p>NOUFEST 2017\u0107e biti otvoren od 10:00 do 16:00 \u010dasova, sve\u010dano otvaranje je zakazano za \u010detvrtak od 11:00 sati, a najavljeno je da \u0107e sajam otvoriti ministar prosvete, nauke i tehnolo\u0161kog razvoja Mladen \u0160ar\u010devi\u0107.<\/p>\n<p>Glavni program sajma \u010dine prezentacijepreko 30 fakulteta i visoko\u0161kolskihustanovasasvihuniverziteta u Srbiji, koji\u0107esvojestudijskeprogramepredstavljatiobadana.Odli\u010dna prilika za sve budu\u0107e studente iz Pomoravlja da se na jednom mestu informi\u0161u o uslovima upisa, studijskim programima, stipendijama i drugim mogu\u0107nostima koje pru\u017eaju visoko\u0161kolske ustanove u Srbiji.<\/p>\n<p>U \u010detvrtak, 16. marta,prvi put u okviru\u00a0 NOUFESTa, bi\u0107e odr\u017ean Sajam zapo\u0161ljavanja u saradnji sa Nacionalnom slu\u017ebom za zapo\u0161ljavanje. Svi zaineresovani\u00a0 ima\u0107e priliku da ostvare direktan kontakt sa preko 20 poslodavaca koji imaju potrebu za zapo\u0161ljavanjem novih kadrova. Mo\u0107i \u0107e da ostave svoje biografije poslodavcima, saznaju vi\u0161e o njihovom poslovanju, predstave sebe i svoje profesionalne kvalitete i\u00a0 na licu mesta dogovore uslove zapo\u0161ljavanja.<\/p>\n<p>U petak,17. marta, predstavi\u0107e se svesrednje \u0161kole iz Pomoravlja u saradnji sa \u0160kolskom upravom Jagodina. Svim budu\u0107im srednjo\u0161kolcima i njihovim roditeljima, bi\u0107e dostupne detaljne informacije, koje im mogu pomo\u0107i pri upoznavanju sa programima i na\u010dinima radapomoravskih srednjih \u0161kola.<\/p>\n<p>Ove godine tema sajma jeInstitut za nuklearne nauke \u201eVin\u010da\u201c, koji \u0107e zauzeti centralni \u0161tand na sajmu, uz predavanja koja nas o\u010dekuju oba dana:<\/p>\n<ul>\n<li>\u201eOtkri\u0107a u CERN-u \u2013 korakbli\u017eekarazumevanjutajniVelikogPraska\u201c- MilanStojanovi\u0107;<\/li>\n<li>\u201e\u010cudesnislu\u010dajevi u neurobiologiji\u201c \u2013MarinaZari\u0107;<\/li>\n<li>\u201eZra\u010denjejena\u0161eprirodnookru\u017eenje\u201c-DanijelaAran\u0111i\u0107.<\/li>\n<\/ul>\n<p>Osim \u201eVin\u010de\u201c prate\u0107i program \u010dine:<\/p>\n<ol>\n<li>Prezentacija Fondacije Tempus \u2013 Erazmus+sa predavanjima \u201eProjekti mobilnosti za \u0161kole\u201c, \u201eeTvining portal kao alat za unapre\u0111enje nastave i ja\u010danje kompetencija nastavnika\u201c i \u201eSistem podr\u0161ke nastavnicima u izvo\u0111enju aktivnosti karijernog vo\u0111enja i savetovanja\u201c;<\/li>\n<li>Aleksandra Ninkovi\u0107 Ta\u0161i\u0107, autorka popularne izlo\u017ebe o na\u0161em proslavljenom nau\u010dniku Mihajlu Pupinu, sa predavanjem\u201ePupin-od fizi\u010dke do duhovne realnosti\u201c;<\/li>\n<li>Dr Aleksandra Petrovi\u0107, sa predavanjem \u201eKnji\u017eevnost i rokenrol\u201c;<\/li>\n<li>Dr Svetlana Slijep\u010devi\u0107, SANU, sa predavanjima \u201eJezi\u010dka kultura i internet\u201c i \u201eSuper\u0161kola\u201c;<\/li>\n<li>Branislav Uzelac, sa predavanjem \u201eCarstvo gljiva\u201c.;<\/li>\n<li>Nau\u010dni bioskop \u2013 NOU tim;<\/li>\n<li>Centar za promociju nauke sa promocija \u010dasopisa \u201eElementarijum\u201c.<\/li>\n<\/ol>\n<p>Ulaz je, kao i ranijih godina,besplatan za sve posetioce, a za organizovane posete u\u010denika iz Jagodine i Para\u0107ina obezbe\u0111en je besplatan prevoz redovnom linijom prevoznika EUROLIN iz Para\u0107ina.<\/p>\n","protected":false},"excerpt":{"rendered":"<p>\u0106UPRIJA-Pokrovitelj NOU festa 2017 je Op\u0161tina \u0106uprija, a odr\u017eava se 16. i 17. marta u Visokoj medicinskoj \u0161koli, tema 5. Regionalnog sajma znanja je institute &hellip; <\/p>\n","protected":false},"author":4,"featured_media":7116,"comment_status":"open","ping_status":"open","sticky":false,"template":"","format":"standard","meta":{"footnotes":""},"categories":[1515,1524,2,16,12],"tags":[1739,44,1738],"_links":{"self":[{"href":"https:\/\/centralmedia.rs\/index.php\/wp-json\/wp\/v2\/posts\/7115"}],"collection":[{"href":"https:\/\/centralmedia.rs\/index.php\/wp-json\/wp\/v2\/posts"}],"about":[{"href":"https:\/\/centralmedia.rs\/index.php\/wp-json\/wp\/v2\/types\/post"}],"author":[{"embeddable":true,"href":"https:\/\/centralmedia.rs\/index.php\/wp-json\/wp\/v2\/users\/4"}],"replies":[{"embeddable":true,"href":"https:\/\/centralmedia.rs\/index.php\/wp-json\/wp\/v2\/comments?post=7115"}],"version-history":[{"count":0,"href":"https:\/\/centralmedia.rs\/index.php\/wp-json\/wp\/v2\/posts\/7115\/revisions"}],"wp:featuredmedia":[{"embeddable":true,"href":"https:\/\/centralmedia.rs\/index.php\/wp-json\/wp\/v2\/media\/7116"}],"wp:attachment":[{"href":"https:\/\/centralmedia.rs\/index.php\/wp-json\/wp\/v2\/media?parent=7115"}],"wp:term":[{"taxonomy":"category","embeddable":true,"href":"https:\/\/centralmedia.rs\/index.php\/wp-json\/wp\/v2\/categories?post=7115"},{"taxonomy":"post_tag","embeddable":true,"href":"https:\/\/centralmedia.rs\/index.php\/wp-json\/wp\/v2\/tags?post=7115"}],"curies":[{"name":"wp","href":"https:\/\/api.w.org\/{rel}","templated":true}]}}