{"id":7123,"date":"2017-03-13T15:22:52","date_gmt":"2017-03-13T15:22:52","guid":{"rendered":"http:\/\/centralmedia.rs\/?p=7123"},"modified":"2017-03-13T15:22:52","modified_gmt":"2017-03-13T15:22:52","slug":"prolece-u-prirodnjackom-centru-u-svilajncu","status":"publish","type":"post","link":"https:\/\/centralmedia.rs\/index.php\/2017\/03\/13\/prolece-u-prirodnjackom-centru-u-svilajncu\/","title":{"rendered":"PROLE\u0106E U PRIRODNJA\u010cKOM CENTRU U SVILAJNCU"},"content":{"rendered":"<p>SVILAJNAC-Prirodnja\u010dki centar Srbije u Svilajncu od 13.marta\u00a0ponovo \u0107e otvoriti vrata za posetioce, u\u010denike i turiste. Radno vreme je svakog dana od 9 do 17 \u010dasova.<br \/>\nOvog prole\u0107a, pored stalne postavke, njih o\u010dekuju i dve nove izlo\u017ebe, a re\u010d je o Vulkanu i Geodiverzitetu Srbije. Ove izlo\u017ebe obja\u0161njavaju geolo\u0161ku pro\u0161lost na\u0161e zemlje i jedinstvene su na ovim prostorima.<\/p>\n","protected":false},"excerpt":{"rendered":"<p>SVILAJNAC-Prirodnja\u010dki centar Srbije u Svilajncu od 13.marta\u00a0ponovo \u0107e otvoriti vrata za posetioce, u\u010denike i turiste. Radno vreme je svakog dana od 9 do 17 \u010dasova. &hellip; <\/p>\n","protected":false},"author":4,"featured_media":7124,"comment_status":"open","ping_status":"open","sticky":false,"template":"","format":"standard","meta":{"footnotes":""},"categories":[1524,2,887,1517],"tags":[288,1742,38],"_links":{"self":[{"href":"https:\/\/centralmedia.rs\/index.php\/wp-json\/wp\/v2\/posts\/7123"}],"collection":[{"href":"https:\/\/centralmedia.rs\/index.php\/wp-json\/wp\/v2\/posts"}],"about":[{"href":"https:\/\/centralmedia.rs\/index.php\/wp-json\/wp\/v2\/types\/post"}],"author":[{"embeddable":true,"href":"https:\/\/centralmedia.rs\/index.php\/wp-json\/wp\/v2\/users\/4"}],"replies":[{"embeddable":true,"href":"https:\/\/centralmedia.rs\/index.php\/wp-json\/wp\/v2\/comments?post=7123"}],"version-history":[{"count":0,"href":"https:\/\/centralmedia.rs\/index.php\/wp-json\/wp\/v2\/posts\/7123\/revisions"}],"wp:featuredmedia":[{"embeddable":true,"href":"https:\/\/centralmedia.rs\/index.php\/wp-json\/wp\/v2\/media\/7124"}],"wp:attachment":[{"href":"https:\/\/centralmedia.rs\/index.php\/wp-json\/wp\/v2\/media?parent=7123"}],"wp:term":[{"taxonomy":"category","embeddable":true,"href":"https:\/\/centralmedia.rs\/index.php\/wp-json\/wp\/v2\/categories?post=7123"},{"taxonomy":"post_tag","embeddable":true,"href":"https:\/\/centralmedia.rs\/index.php\/wp-json\/wp\/v2\/tags?post=7123"}],"curies":[{"name":"wp","href":"https:\/\/api.w.org\/{rel}","templated":true}]}}