{"id":7132,"date":"2017-03-15T14:53:40","date_gmt":"2017-03-15T14:53:40","guid":{"rendered":"http:\/\/centralmedia.rs\/?p=7132"},"modified":"2017-03-15T14:53:40","modified_gmt":"2017-03-15T14:53:40","slug":"cetvrti-protest-bivsih-radnika-fabrike-kablova-traze-smenu-rukovostva-sindikata","status":"publish","type":"post","link":"https:\/\/centralmedia.rs\/index.php\/2017\/03\/15\/cetvrti-protest-bivsih-radnika-fabrike-kablova-traze-smenu-rukovostva-sindikata\/","title":{"rendered":"\u010cETVRTI PROTEST BIV\u0160IH RADNIKA FABRIKE KABLOVA &#8211; TRA\u017dE SMENU RUKOVOSTVA I SINDIKATA"},"content":{"rendered":"<p>JAGODINA-Nekoliko stotina biv\u0161ih radnika Fabrike kablova iz Jagodine odr\u017eali su \u010detvrti protest u centru tog grada sa zahtevima za isplatu dugova i smenu rukovodstva. Oni tra\u017ee po\u0161tovanje potpisanih ugovora.<a href=\"https:\/\/centralmedia.rs\/wp-content\/uploads\/2017\/03\/protest.jpg\"><img loading=\"lazy\" decoding=\"async\" class=\"alignright size-medium wp-image-7134\" src=\"https:\/\/centralmedia.rs\/wp-content\/uploads\/2017\/03\/protest.jpg\" alt=\"\" width=\"261\" height=\"195\" srcset=\"https:\/\/centralmedia.rs\/wp-content\/uploads\/2017\/03\/protest.jpg 261w, https:\/\/centralmedia.rs\/wp-content\/uploads\/2017\/03\/protest-80x60.jpg 80w\" sizes=\"(max-width: 261px) 100vw, 261px\" \/><\/a><\/p>\n<p>-Zahtevamo smenu generalnog direktora Ratka Vu\u010durovi\u0107a i preispitivanje njegovog rada, kao i preispitivanje rada Samostalnog sindikata. Kontrolu Inspekcije rada, kao i da nadle\u017ene inspekcije obave finansijske provere. Posle toga da se omogu\u0107i povratak biv\u0161ih radnika u Fabriku kablova, ka\u017ee predsednik Organizacionog odbora protesta Dragan Milanovi\u0107.<\/p>\n<p>Biv\u0161i radnici zahtevaju sistemsko re\u0161enje za svoj polo\u017eaj, te isplatu jednokratne pomo\u0107i nezaposlenima.<\/p>\n<p>&#8211; Najodgovorniji za ovakvo stanje je generalni direktor Vu\u010durovi\u0107 i zato tra\u017eimo njegovu odgovornost. Ministar \u00a0Goran Kne\u017eevi\u0107 je rekao da fabrika treba da radi i o\u010dekujemo njegov odgovor na na\u0161e zahteve za pet dana, rekao je Milanovi\u0107<\/p>\n<p>Biv\u0161i radnici zahtevaju isplatu tri zaostale zarade, povezivanje radnog sta\u017ea\u00a0 za pet godina, isplata jubilarnih nagrada, putnih tro\u0161kova, razlike u zaradama do granske cene rada, kao i ostala dugovanja. Sa druge strane poslovodstvo i sindikat isti\u010du da \u0107e isplata tri zarade biti re\u0161ena UPPR i da to zavisi od suda, dok \u0107e ostali dugovi \u00a0biti konvertovani u akcije preduze\u0107a, a \u0161to se ti\u010de nepovezanog radnog sta\u017ea to je regulisano Uredbom Vlade Srbije. Biv\u0161i radnici \u0107e se u sredu ponovo okupiti ispred poslovne zgrade tog preduze\u0107a ,,komercijale\u201d u 10 sati.<\/p>\n<p>&nbsp;<\/p>\n","protected":false},"excerpt":{"rendered":"<p>JAGODINA-Nekoliko stotina biv\u0161ih radnika Fabrike kablova iz Jagodine odr\u017eali su \u010detvrti protest u centru tog grada sa zahtevima za isplatu dugova i smenu rukovodstva. Oni &hellip; <\/p>\n","protected":false},"author":4,"featured_media":7133,"comment_status":"open","ping_status":"open","sticky":false,"template":"","format":"standard","meta":{"footnotes":""},"categories":[22,1524,2,1514],"tags":[1743,368,58,523],"_links":{"self":[{"href":"https:\/\/centralmedia.rs\/index.php\/wp-json\/wp\/v2\/posts\/7132"}],"collection":[{"href":"https:\/\/centralmedia.rs\/index.php\/wp-json\/wp\/v2\/posts"}],"about":[{"href":"https:\/\/centralmedia.rs\/index.php\/wp-json\/wp\/v2\/types\/post"}],"author":[{"embeddable":true,"href":"https:\/\/centralmedia.rs\/index.php\/wp-json\/wp\/v2\/users\/4"}],"replies":[{"embeddable":true,"href":"https:\/\/centralmedia.rs\/index.php\/wp-json\/wp\/v2\/comments?post=7132"}],"version-history":[{"count":0,"href":"https:\/\/centralmedia.rs\/index.php\/wp-json\/wp\/v2\/posts\/7132\/revisions"}],"wp:featuredmedia":[{"embeddable":true,"href":"https:\/\/centralmedia.rs\/index.php\/wp-json\/wp\/v2\/media\/7133"}],"wp:attachment":[{"href":"https:\/\/centralmedia.rs\/index.php\/wp-json\/wp\/v2\/media?parent=7132"}],"wp:term":[{"taxonomy":"category","embeddable":true,"href":"https:\/\/centralmedia.rs\/index.php\/wp-json\/wp\/v2\/categories?post=7132"},{"taxonomy":"post_tag","embeddable":true,"href":"https:\/\/centralmedia.rs\/index.php\/wp-json\/wp\/v2\/tags?post=7132"}],"curies":[{"name":"wp","href":"https:\/\/api.w.org\/{rel}","templated":true}]}}