{"id":7150,"date":"2017-03-16T13:29:42","date_gmt":"2017-03-16T13:29:42","guid":{"rendered":"http:\/\/centralmedia.rs\/?p=7150"},"modified":"2017-03-16T22:09:05","modified_gmt":"2017-03-16T22:09:05","slug":"otvoren-nuofest-2017-sarcevic-cuprija-dobija-centar-za-mlade-talenate","status":"publish","type":"post","link":"https:\/\/centralmedia.rs\/index.php\/2017\/03\/16\/otvoren-nuofest-2017-sarcevic-cuprija-dobija-centar-za-mlade-talenate\/","title":{"rendered":"OTVOREN NUOFEST 2017 &#8211; \u0160AR\u010cEVI\u0106: \u0106UPRIJA DOBIJA CENTAR ZA MLADE TALENATE"},"content":{"rendered":"<p>\u0106UPRIJA-Ministar prosvete Mladen \u0160ar\u010devi\u0107 proglasio je otvorenim NOUfest 2017 &#8211; 5. Regionalni sajam obrazovanja u \u0106upriji i najavio formiranje Centra za mlade talente.<a href=\"https:\/\/centralmedia.rs\/wp-content\/uploads\/2017\/03\/eric-i-sarcevic-3-cuprija-g.j.jpg\"><img loading=\"lazy\" decoding=\"async\" class=\"alignright size-medium wp-image-7152\" src=\"https:\/\/centralmedia.rs\/wp-content\/uploads\/2017\/03\/eric-i-sarcevic-3-cuprija-g.j-300x223.jpg\" alt=\"\" width=\"300\" height=\"223\" srcset=\"https:\/\/centralmedia.rs\/wp-content\/uploads\/2017\/03\/eric-i-sarcevic-3-cuprija-g.j-300x223.jpg 300w, https:\/\/centralmedia.rs\/wp-content\/uploads\/2017\/03\/eric-i-sarcevic-3-cuprija-g.j-768x570.jpg 768w, https:\/\/centralmedia.rs\/wp-content\/uploads\/2017\/03\/eric-i-sarcevic-3-cuprija-g.j-80x60.jpg 80w, https:\/\/centralmedia.rs\/wp-content\/uploads\/2017\/03\/eric-i-sarcevic-3-cuprija-g.j-265x198.jpg 265w, https:\/\/centralmedia.rs\/wp-content\/uploads\/2017\/03\/eric-i-sarcevic-3-cuprija-g.j.jpg 900w\" sizes=\"(max-width: 300px) 100vw, 300px\" \/><\/a><\/p>\n<p>-\u0106uprija je zdravstveni centar Pomoravlja, ali ima i dobro \u0161kolstvo, a tu se izdvaja \u0160kola za muzi\u010dke talente. Tako\u0111e, namera formiranja regionalnog Centra za mlade talente u \u0106upriji, kao \u0161to je Petnica kod Valjeva, je tendencija ministarstva. Imamo potrebu da formiramo ja\u010de modele uz me\u0111unarodu saradnju. \u0106uprija nudi istorijsko blago, uspe\u0161nu umetni\u010dku \u0161kolu,\u00a0 a trebalo bi da osmisli oblasti koje bi bile prepoznatljive, rekao je \u0160ar\u010devi\u0107.<\/p>\n<p><a href=\"https:\/\/centralmedia.rs\/wp-content\/uploads\/2017\/03\/eric-i-sarcevic-1-cuprija-g.j.jpg\"><img loading=\"lazy\" decoding=\"async\" class=\"alignleft size-medium wp-image-7153\" src=\"https:\/\/centralmedia.rs\/wp-content\/uploads\/2017\/03\/eric-i-sarcevic-1-cuprija-g.j-300x225.jpg\" alt=\"\" width=\"300\" height=\"225\" srcset=\"https:\/\/centralmedia.rs\/wp-content\/uploads\/2017\/03\/eric-i-sarcevic-1-cuprija-g.j-300x225.jpg 300w, https:\/\/centralmedia.rs\/wp-content\/uploads\/2017\/03\/eric-i-sarcevic-1-cuprija-g.j-768x576.jpg 768w, https:\/\/centralmedia.rs\/wp-content\/uploads\/2017\/03\/eric-i-sarcevic-1-cuprija-g.j-80x60.jpg 80w, https:\/\/centralmedia.rs\/wp-content\/uploads\/2017\/03\/eric-i-sarcevic-1-cuprija-g.j-265x198.jpg 265w, https:\/\/centralmedia.rs\/wp-content\/uploads\/2017\/03\/eric-i-sarcevic-1-cuprija-g.j.jpg 900w\" sizes=\"(max-width: 300px) 100vw, 300px\" \/><\/a>Na NOUfestu 2017 u\u010destvovuje 30 fakulteta i veliki broj srednjih \u0161kola, kao Nacionalna slu\u017eba za zapo\u0161ljavanje koja je organizovala Sajam zapo\u0161ljvanja na kome 20 poslodavaca tra\u017ei 100 radnika.<\/p>\n<p>-Sre\u0107ni smo da \u0161to je 5 NOUfest otvorio ministar prosvete jer se vidi \u017eelja \u0106uprije da postane obrazovni centar. Sa ministrom \u0160ar\u010devi\u0107em je dogovoreno forminje Centra za mlade talente regionalnog karaktera, gde \u0107e okupljati deca sa velikim kapacitetom u prirodnim naukama I tu mogu dalje da se razvijaju, najavio je predsenik te op\u0161tine Ninoslav Eri\u0107 i dodao da je Alfa univerzitet najavio otvaranje pet akademskih smerova u \u0106upriji.<a href=\"https:\/\/centralmedia.rs\/wp-content\/uploads\/2017\/03\/eric-i-sarcevic-cuprija-g.j.jpg\"><img loading=\"lazy\" decoding=\"async\" class=\"alignright size-medium wp-image-7154\" src=\"https:\/\/centralmedia.rs\/wp-content\/uploads\/2017\/03\/eric-i-sarcevic-cuprija-g.j-300x224.jpg\" alt=\"\" width=\"300\" height=\"224\" srcset=\"https:\/\/centralmedia.rs\/wp-content\/uploads\/2017\/03\/eric-i-sarcevic-cuprija-g.j-300x224.jpg 300w, https:\/\/centralmedia.rs\/wp-content\/uploads\/2017\/03\/eric-i-sarcevic-cuprija-g.j-768x574.jpg 768w, https:\/\/centralmedia.rs\/wp-content\/uploads\/2017\/03\/eric-i-sarcevic-cuprija-g.j-80x60.jpg 80w, https:\/\/centralmedia.rs\/wp-content\/uploads\/2017\/03\/eric-i-sarcevic-cuprija-g.j-265x198.jpg 265w, https:\/\/centralmedia.rs\/wp-content\/uploads\/2017\/03\/eric-i-sarcevic-cuprija-g.j.jpg 900w\" sizes=\"(max-width: 300px) 100vw, 300px\" \/><\/a><\/p>\n<p>\u0106uprija je pro\u0161le godine realizovala pilot projekat sa Vorton univerzitetom, ove godine dolaze gosti sa Kolumbija univerziteta i to \u0107e biti prilika za rad na projektu Centra za mlade talente, dok bi slede\u0107e godine po\u010dela realizacija.<\/p>\n","protected":false},"excerpt":{"rendered":"<p>\u0106UPRIJA-Ministar prosvete Mladen \u0160ar\u010devi\u0107 proglasio je otvorenim NOUfest 2017 &#8211; 5. Regionalni sajam obrazovanja u \u0106upriji i najavio formiranje Centra za mlade talente. -\u0106uprija je &hellip; <\/p>\n","protected":false},"author":4,"featured_media":7151,"comment_status":"open","ping_status":"open","sticky":false,"template":"","format":"standard","meta":{"footnotes":""},"categories":[1515,14,1524,2,887,12],"tags":[44,1750,1751],"_links":{"self":[{"href":"https:\/\/centralmedia.rs\/index.php\/wp-json\/wp\/v2\/posts\/7150"}],"collection":[{"href":"https:\/\/centralmedia.rs\/index.php\/wp-json\/wp\/v2\/posts"}],"about":[{"href":"https:\/\/centralmedia.rs\/index.php\/wp-json\/wp\/v2\/types\/post"}],"author":[{"embeddable":true,"href":"https:\/\/centralmedia.rs\/index.php\/wp-json\/wp\/v2\/users\/4"}],"replies":[{"embeddable":true,"href":"https:\/\/centralmedia.rs\/index.php\/wp-json\/wp\/v2\/comments?post=7150"}],"version-history":[{"count":0,"href":"https:\/\/centralmedia.rs\/index.php\/wp-json\/wp\/v2\/posts\/7150\/revisions"}],"wp:featuredmedia":[{"embeddable":true,"href":"https:\/\/centralmedia.rs\/index.php\/wp-json\/wp\/v2\/media\/7151"}],"wp:attachment":[{"href":"https:\/\/centralmedia.rs\/index.php\/wp-json\/wp\/v2\/media?parent=7150"}],"wp:term":[{"taxonomy":"category","embeddable":true,"href":"https:\/\/centralmedia.rs\/index.php\/wp-json\/wp\/v2\/categories?post=7150"},{"taxonomy":"post_tag","embeddable":true,"href":"https:\/\/centralmedia.rs\/index.php\/wp-json\/wp\/v2\/tags?post=7150"}],"curies":[{"name":"wp","href":"https:\/\/api.w.org\/{rel}","templated":true}]}}