{"id":716,"date":"2015-10-17T10:54:20","date_gmt":"2015-10-17T10:54:20","guid":{"rendered":"http:\/\/centralmedia.rs\/?p=716"},"modified":"2015-10-17T10:54:20","modified_gmt":"2015-10-17T10:54:20","slug":"manastir-hilandar-pomaze-porodicu-grbic","status":"publish","type":"post","link":"https:\/\/centralmedia.rs\/index.php\/2015\/10\/17\/manastir-hilandar-pomaze-porodicu-grbic\/","title":{"rendered":"MANASTIR HILANDAR POMA\u017dE PORODICU GRBI\u0106"},"content":{"rendered":"<p>JAGODINA-Ministar Aleksandar Vulin posetio peto\u010dlanu porodicu Grbi\u0107 Natalija (6), Nikola (7), Nemanja (9), Jelena (29) i Ivica (33)  u Jagodini, kako bi se li\u010dno uverio da je pomo\u0107 tog ministarstva i svih ljudi koji su pomagali proteklih meseci dovoljna da do\u010dekaju i prezime zimu, te  izjavio pred oko dve stotine okup\u010dljenih gra\u0111ana da je ,,solidarnost klju\u010dna re\u010d koja nam nedostaje\u201c. Povernik manstira Hilandar za Srbiju Milo\u0161 Stojkovi\u0107 uru\u010dio je Grbi\u0107ima pomo\u0107 i istakao da \u0107e bratstvo manastira do 18 godine \u017eivota pomagati sa 100 evra najmla\u0111u Nataliju, ali i da \u0107e cela porodica ima podr\u0161ku manastira.<br \/>\n<a href=\"https:\/\/centralmedia.rs\/wp-content\/uploads\/2015\/10\/vulin-i-grbici-1-jagodina-g.j..jpg\"><img loading=\"lazy\" decoding=\"async\" src=\"https:\/\/centralmedia.rs\/wp-content\/uploads\/2015\/10\/vulin-i-grbici-1-jagodina-g.j..jpg\" alt=\"vulin i grbici 1-jagodina-g.j.\" width=\"900\" height=\"699\" class=\"alignnone size-full wp-image-718\" srcset=\"https:\/\/centralmedia.rs\/wp-content\/uploads\/2015\/10\/vulin-i-grbici-1-jagodina-g.j..jpg 900w, https:\/\/centralmedia.rs\/wp-content\/uploads\/2015\/10\/vulin-i-grbici-1-jagodina-g.j.-300x233.jpg 300w\" sizes=\"(max-width: 900px) 100vw, 900px\" \/><\/a><br \/>\n-Drago mi je da smo mogli da pomognemo peto\u010dlanoj porodici Grbi\u0107 i u\u010dinimo da im ovaj dan bude lep\u0161i i lak\u0161i, su\u0161tinski da poka\u017eemo brigu. Solidarnost je poruka dana\u0161njeg dana i to nam svakodnevno fali. Sve \u0161to je ovde ura\u0111eno od kre\u010denja, stolarije, kuhinje, kupatila, \u010di\u0161\u0107enja&#8230;sve je ura\u0111eno u okviru na\u0161eg sistema. Za\u0161titne radionice iz Novog Sada i Valjeva su obezbedile name\u0161taj i prozore, na\u0161i prijatelji su obezbedili druge delove name\u0161taja, radnici Gerontolo\u0161kog centra su o\u010distili dvori\u0161e i ku\u0107e, tu i bicikl iz Valjeva. \u010citav sistem je radio zajedno. Prizna\u0107ete malo smo nabolje promenili \u017eivot porodice Grbi\u0107, a to smo uradili samo zato \u0161to smo bili zajedno. Sistem socijalne za\u0161tite i dobri ljudi pokazali smo da ne\u0161to mo\u017eemo da promenimo, rekao je Vulin i dodao da zbog toga insistira da je solidarnost, re\u010d koja nam nedostaje, i da je solidarnost klju\u010dna re\u010d oko koje treba da se vodi na\u0161a politika.<br \/>\n<a href=\"https:\/\/centralmedia.rs\/wp-content\/uploads\/2015\/10\/vulin-1-jagodina-g.j..jpg\"><img loading=\"lazy\" decoding=\"async\" src=\"https:\/\/centralmedia.rs\/wp-content\/uploads\/2015\/10\/vulin-1-jagodina-g.j..jpg\" alt=\"vulin 1-jagodina-g.j.\" width=\"900\" height=\"597\" class=\"alignnone size-full wp-image-719\" srcset=\"https:\/\/centralmedia.rs\/wp-content\/uploads\/2015\/10\/vulin-1-jagodina-g.j..jpg 900w, https:\/\/centralmedia.rs\/wp-content\/uploads\/2015\/10\/vulin-1-jagodina-g.j.-300x199.jpg 300w\" sizes=\"(max-width: 900px) 100vw, 900px\" \/><\/a><br \/>\n    Peto\u010dlana porodica Grbi\u0107 od po\u010detka humanitarne akcije povratila je veru i nadu u ljude, osetili porodi\u010dnu sre\u0107u, zahvaljuju\u0107i onima koji su im donirali pomo\u0107 ili ih samo nazvali da popri\u010daju sa njima.<br \/>\n-Zahvalila bih se svim ljudima koji su nam pomogli. Nismo verovali da ne\u0161to ovako postoji, bili smo sumnji\u010davi kad su novinari Blic prvi put do\u0161li u na\u0161u ku\u0107u i pri\u010dali o pomo\u0107i i novoj nadi na moju podorodicu. Me\u0111utim, od tada nam se \u017eivot promenio nabolje. Deca su i\u0161la na  more, dobi\u0107emo vodu, ku\u0107a je ure\u0111ena, dobili smo novi prostor za \u017eivot, dobri ljudi su nam darovali name\u0161taj, krevete, \u0161kolsku pribor, kompjuter, ode\u0107u, hranu, slatki\u0161e i novac, \u017eele da nam plate kr\u0161tenje dece, pri\u010da bri\u0161u\u0107i suze radosnice sa obraza majka Jelena.<br \/>\n<a href=\"https:\/\/centralmedia.rs\/wp-content\/uploads\/2015\/10\/vulin-i-grbici-9-jagodina-g.j..jpg\"><img loading=\"lazy\" decoding=\"async\" src=\"https:\/\/centralmedia.rs\/wp-content\/uploads\/2015\/10\/vulin-i-grbici-9-jagodina-g.j..jpg\" alt=\"vulin i grbici 9-jagodina-g.j.\" width=\"900\" height=\"687\" class=\"alignnone size-full wp-image-720\" srcset=\"https:\/\/centralmedia.rs\/wp-content\/uploads\/2015\/10\/vulin-i-grbici-9-jagodina-g.j..jpg 900w, https:\/\/centralmedia.rs\/wp-content\/uploads\/2015\/10\/vulin-i-grbici-9-jagodina-g.j.-300x229.jpg 300w, https:\/\/centralmedia.rs\/wp-content\/uploads\/2015\/10\/vulin-i-grbici-9-jagodina-g.j.-80x60.jpg 80w\" sizes=\"(max-width: 900px) 100vw, 900px\" \/><\/a><br \/>\nGrbi\u0107i \u0107e zahvaljuju\u0107i lokalnoj samoupravi uskoro dobiti zdravu pija\u0107u vodu iz sistema za snabdevanje, kao i sengrup za otpadne vode. <\/p>\n","protected":false},"excerpt":{"rendered":"<p>JAGODINA-Ministar Aleksandar Vulin posetio peto\u010dlanu porodicu Grbi\u0107 Natalija (6), Nikola (7), Nemanja (9), Jelena (29) i Ivica (33) u Jagodini, kako bi se li\u010dno uverio &hellip; <\/p>\n","protected":false},"author":4,"featured_media":717,"comment_status":"open","ping_status":"open","sticky":false,"template":"","format":"standard","meta":{"footnotes":""},"categories":[14,12],"tags":[149,150,144],"_links":{"self":[{"href":"https:\/\/centralmedia.rs\/index.php\/wp-json\/wp\/v2\/posts\/716"}],"collection":[{"href":"https:\/\/centralmedia.rs\/index.php\/wp-json\/wp\/v2\/posts"}],"about":[{"href":"https:\/\/centralmedia.rs\/index.php\/wp-json\/wp\/v2\/types\/post"}],"author":[{"embeddable":true,"href":"https:\/\/centralmedia.rs\/index.php\/wp-json\/wp\/v2\/users\/4"}],"replies":[{"embeddable":true,"href":"https:\/\/centralmedia.rs\/index.php\/wp-json\/wp\/v2\/comments?post=716"}],"version-history":[{"count":0,"href":"https:\/\/centralmedia.rs\/index.php\/wp-json\/wp\/v2\/posts\/716\/revisions"}],"wp:featuredmedia":[{"embeddable":true,"href":"https:\/\/centralmedia.rs\/index.php\/wp-json\/wp\/v2\/media\/717"}],"wp:attachment":[{"href":"https:\/\/centralmedia.rs\/index.php\/wp-json\/wp\/v2\/media?parent=716"}],"wp:term":[{"taxonomy":"category","embeddable":true,"href":"https:\/\/centralmedia.rs\/index.php\/wp-json\/wp\/v2\/categories?post=716"},{"taxonomy":"post_tag","embeddable":true,"href":"https:\/\/centralmedia.rs\/index.php\/wp-json\/wp\/v2\/tags?post=716"}],"curies":[{"name":"wp","href":"https:\/\/api.w.org\/{rel}","templated":true}]}}